{"id":10237,"date":"2023-01-27T07:33:00","date_gmt":"2023-01-27T06:33:00","guid":{"rendered":"https:\/\/www.radioribelle.it\/?p=10237"},"modified":"2023-01-26T18:57:39","modified_gmt":"2023-01-26T17:57:39","slug":"il-cai-e-il-recupero-della-memoria","status":"publish","type":"post","link":"https:\/\/www.radioribelle.it\/index.php\/2023\/01\/27\/il-cai-e-il-recupero-della-memoria\/","title":{"rendered":"IL CAI E IL RECUPERO DELLA MEMORIA"},"content":{"rendered":"\n<div class=\"wp-block-image\"><figure class=\"alignright size-full is-resized\"><img loading=\"lazy\" src=\"https:\/\/www.radioribelle.it\/wp-content\/uploads\/2023\/01\/mem.jpg\" alt=\"\" class=\"wp-image-10238\" width=\"412\" height=\"231\" srcset=\"https:\/\/www.radioribelle.it\/wp-content\/uploads\/2023\/01\/mem.jpg 1024w, https:\/\/www.radioribelle.it\/wp-content\/uploads\/2023\/01\/mem-300x169.jpg 300w, https:\/\/www.radioribelle.it\/wp-content\/uploads\/2023\/01\/mem-768x432.jpg 768w, https:\/\/www.radioribelle.it\/wp-content\/uploads\/2023\/01\/mem-619x348.jpg 619w\" sizes=\"(max-width: 412px) 100vw, 412px\" \/><\/figure><\/div>\n\n\n\n<p><em>Milano,<\/em> <em>A Roma il Cai ha iniziato il proprio percorso di autocritica<\/em> <em>e assunzione di responsabilit\u00e0 nell&#8217;applicazione delle Leggi razziali del 1938-39,<\/em> <em>presentando le azioni su cui \u00e8 attualmente al lavoro<\/em> <em>Riammessi formalmente, con la consegna di tessere alla memoria agli eredi,<\/em><br><em>i soci epurati dalla Sezione della capitale<\/em><\/p>\n\n\n\n<!--more-->\n\n\n\n<p>Franco Modigliani, Bruno Zevi, Carlo Franchetti, Alberto Moravia, Agnese Aj\u00f3, Enrico Jannetta, Emilio Segr\u00e9: sono questi alcuni dei\u00a0soci epurati dalla Sezione Cai di Roma\u00a0dopo l&#8217;emanazione delle\u00a0Leggi razziali\u00a0nel 1938,\u00a0riammessi formalmente ieri sera,\u00a0con la consegna agli eredi di una tessera alla memoria da parte del Presidente generale del Cai\u00a0Antonio Montani.<br> Responsabilit\u00e0 nel dare continuit\u00e0 alla politica razziale fascista<strong><br><\/strong>L&#8217;occasione \u00e8 stata l&#8217;incontro con l&#8217;Unione delle comunit\u00e0 ebraiche italiane\u00a0e la\u00a0Comunit\u00e0 ebraica di Roma\u00a0di ieri sera nella capitale, durante il quale il\u00a0Club alpino italiano\u00a0ha riconosciuto la propria responsabilit\u00e0 nel dare continuit\u00e0 alla politica razziale fascista. In una serata carica di emozioni, denominata\u00a0&#8220;Il Cai e le Leggi razziali del 1938-39&#8221;\u00a0e organizzata al Pitigliani Centro Ebraico Italiano, il Presidente Montani ha incontrato Noemi Di Segni, Presidente dell&#8217;Unione delle Comunit\u00e0 Ebraiche Italiane, e\u00a0Ruth Dureghello, Presidente della Comunit\u00e0 Ebraica di Roma.Oltre a loro, sono intervenuti\u00a0Giampaolo Cavalieri\u00a0(Presidente Sezione Cai di Roma),\u00a0Angelo Soravia\u00a0(Consigliere centrale Cai),\u00a0Stefano Ardito\u00a0(giornalista),\u00a0Livia Steve\u00a0(Cai Roma) e\u00a0Fabrizio Russo\u00a0(Coordinatore del Consiglio centrale del Cai).<br>Il percorso di autocritica \u00e8 stato intrapreso dal Cai dopo l&#8217;Assemblea nazionale dei Delegati del maggio 2022 a Bormio, durante la quale \u00e8 stata approvata all&#8217;unanimit\u00e0 una mozione e un programma di indirizzo che ha impegnato il Cai a una riflessione storica ed etica, ricostruendo i fatti, rielaborando la propria storia e riammettendo formalmente le centinaia di soci espulsi in quegli anni.<\/p>\n\n\n\n<p>Le azioni di oggi Durante il ventennio fascista il Club alpino italiano fu alle dipendenze del\u00a0Partito Nazionale Fascista\u00a0(PNF). Quando nel 1938 il PNF eman\u00f2 le &#8220;Leggi razziali&#8221; per discriminare gli ebrei ed &#8220;epurarli&#8221; dalla vita sociale, economica, politica, il Presidente generale del Cai Angelo Maranesi (nominato dal regime) eman\u00f2 una circolare alle Sezioni che ordinava di\u00a0identificare ed espellere i soci ebrei. Dopo la seconda guerra mondiale, escludendo poche Sezioni, tra cui quella di Biella, non c&#8217;\u00e8 stato da parte del Cai un atto formale di revisione e riammissione dei molti soci espulsi.<br><br>Sono diverse le azioni su cui il Cai \u00e8 al lavoro oggi: dall&#8217;adeguamento dei testi storici\u00a0riportati sul sito, all&#8217;edizione di una\u00a0pubblicazione di approfondimento\u00a0tratta dalla ricerca storica di Lorenzo Grassi, dalla\u00a0posa di pietre d&#8217;inciampo\u00a0a memoria dei soci deportati e assassinati all&#8217;organizzazione di iniziative nelle Sezioni e nei territori\u00a0nel Giorno della Memoria, dall&#8217;emissione di un bando di finanziamento per la\u00a0conservazione e catalogazione degli archivi storici delle Sezioni\u00a0all&#8217;organizzazione di un\u00a0convegno storico-scientifico. Fino ad arrivare a una\u00a0mostra digitale stabile\u00a0da realizzare con il Museo nazionale della montagna di Torino.<br>I soci di famiglia ebraica del Cai Roma negli anni &#8217;30 Per quanto riguarda la Sezione di Roma, ieri sera Livia Steve\u00a0ha presentato la sua ricerca sui soci di famiglia ebraica negli anni &#8217;30. \u00ab\u00c8 stato un grande viaggio nella vita di tante persone.\u00a0<em>Erano circa 200 le persone di famiglia ebraica iscritte alla nostra Sezione in quel periodo\u00bb,\u00a0<\/em>si legge nel testo.<em>\u00a0\u00abDi questi, pi\u00f9 di 100 sono stati espulsi dal lavoro e dalla scuola nel 1938 e poi dal Cai nel 1939. Molti altri non hanno rinnovato l&#8217;iscrizione tra il 1937 e il 1939 perch\u00e9 colpiti dalle leggi razziali, in vari casi sono scappati ed emigrati. Ci sono anche 50 studenti di famiglia ebraica iscritti dal Partito fascista alla Giovent\u00f9 italiana del Littorio, Gruppi universitari fascisti e al Cai: naturalmente anche loro non sono pi\u00f9 stati soci nel 1939\u00bb.<\/em> nDopo la serata di ieri, seguiranno altre iniziative che coinvolgeranno le Sezioni, a partire dal Cai Milano, che\u00a0domani\u00a0organizza una\u00a0<a rel=\"noreferrer noopener\" href=\"http:\/\/cia.mailnewsletter.it\/\/newsletter\/\/tk\/get.html?&amp;ui=71745&amp;cid=430&amp;cid=430&amp;ag=am&amp;newsid=4342&amp;exid=3769&amp;ui=71745&amp;cid=430&amp;cid=430&amp;linkid=111636\" target=\"_blank\">serata<\/a>\u00a0per ricordare e rendere onore agli oltre 70 soci epurati negli anni delle leggi razziali.<\/p>\n","protected":false},"excerpt":{"rendered":"<p>Milano, A Roma il Cai ha iniziato il proprio percorso di autocritica e assunzione di responsabilit\u00e0 nell&#8217;applicazione delle Leggi razziali del 1938-39, presentando le azioni su cui \u00e8 attualmente al lavoro Riammessi formalmente, con la consegna di tessere alla memoria agli eredi,i soci epurati dalla Sezione della capitale<\/p>\n","protected":false},"author":1,"featured_media":0,"comment_status":"open","ping_status":"open","sticky":false,"template":"","format":"standard","meta":{"_joinchat":[]},"categories":[1],"tags":[],"_links":{"self":[{"href":"https:\/\/www.radioribelle.it\/index.php\/wp-json\/wp\/v2\/posts\/10237"}],"collection":[{"href":"https:\/\/www.radioribelle.it\/index.php\/wp-json\/wp\/v2\/posts"}],"about":[{"href":"https:\/\/www.radioribelle.it\/index.php\/wp-json\/wp\/v2\/types\/post"}],"author":[{"embeddable":true,"href":"https:\/\/www.radioribelle.it\/index.php\/wp-json\/wp\/v2\/users\/1"}],"replies":[{"embeddable":true,"href":"https:\/\/www.radioribelle.it\/index.php\/wp-json\/wp\/v2\/comments?post=10237"}],"version-history":[{"count":1,"href":"https:\/\/www.radioribelle.it\/index.php\/wp-json\/wp\/v2\/posts\/10237\/revisions"}],"predecessor-version":[{"id":10239,"href":"https:\/\/www.radioribelle.it\/index.php\/wp-json\/wp\/v2\/posts\/10237\/revisions\/10239"}],"wp:attachment":[{"href":"https:\/\/www.radioribelle.it\/index.php\/wp-json\/wp\/v2\/media?parent=10237"}],"wp:term":[{"taxonomy":"category","embeddable":true,"href":"https:\/\/www.radioribelle.it\/index.php\/wp-json\/wp\/v2\/categories?post=10237"},{"taxonomy":"post_tag","embeddable":true,"href":"https:\/\/www.radioribelle.it\/index.php\/wp-json\/wp\/v2\/tags?post=10237"}],"curies":[{"name":"wp","href":"https:\/\/api.w.org\/{rel}","templated":true}]}}