{"id":10564,"date":"2023-02-04T11:02:00","date_gmt":"2023-02-04T10:02:00","guid":{"rendered":"https:\/\/www.radioribelle.it\/?p=10564"},"modified":"2023-02-04T10:29:03","modified_gmt":"2023-02-04T09:29:03","slug":"ciclistica-sansepolcro-un-anno-di-attivita-per-diffondere-luso-e-la-cultura-della-bicicletta","status":"publish","type":"post","link":"https:\/\/www.radioribelle.it\/index.php\/2023\/02\/04\/ciclistica-sansepolcro-un-anno-di-attivita-per-diffondere-luso-e-la-cultura-della-bicicletta\/","title":{"rendered":"Ciclistica Sansepolcro, un anno di attivit\u00e0 per diffondere l\u2019uso e la cultura della bicicletta"},"content":{"rendered":"\n<figure class=\"wp-block-image size-large\"><img loading=\"lazy\" width=\"1024\" height=\"585\" src=\"https:\/\/www.radioribelle.it\/wp-content\/uploads\/2023\/02\/FB_IMG_1675497625937-1-1024x585.jpg\" alt=\"\" class=\"wp-image-10565\" srcset=\"https:\/\/www.radioribelle.it\/wp-content\/uploads\/2023\/02\/FB_IMG_1675497625937-1-1024x585.jpg 1024w, https:\/\/www.radioribelle.it\/wp-content\/uploads\/2023\/02\/FB_IMG_1675497625937-1-300x171.jpg 300w, https:\/\/www.radioribelle.it\/wp-content\/uploads\/2023\/02\/FB_IMG_1675497625937-1-768x439.jpg 768w, https:\/\/www.radioribelle.it\/wp-content\/uploads\/2023\/02\/FB_IMG_1675497625937-1-619x354.jpg 619w, https:\/\/www.radioribelle.it\/wp-content\/uploads\/2023\/02\/FB_IMG_1675497625937-1.jpg 1080w\" sizes=\"(max-width: 1024px) 100vw, 1024px\" \/><\/figure>\n\n\n\n<p><em>Ciclistica Sansepolcro, l\u2019associazione sportiva orientata a promuovere l\u2019uso della bicicletta, per uso sportivo e civile, presenta il programma delle attivit\u00e0 che intende attuare nel corso del 2023.<\/em> Una premessa \u00e8 d\u2019obbligo, sottolinea il presidente Massimo Biagioli: il nostro pi\u00f9 intenso desiderio, di conseguenza l\u2019orientamento dell\u2019attivit\u00e0 dell\u2019associazione, \u00e8 quello di costruite occasioni che consentano la pratica di questo sport e insieme far conoscere e avvicinare giovani a questa pratica.<\/p>\n\n\n\n<!--more-->\n\n\n\n<p>Siamo convinti, difatti, che praticare questo sport orienta e incentiva le persone a usare questo mezzo anche nella quotidianit\u00e0, quindi per gli spostamenti di lavoro e di vita, con conseguenze positive per salute e ambiente. Affinch\u00e9, per\u00f2, la diffusa dell\u2019uso della bicicletta, per attivit\u00e0 sportiva e uso quotidiano, continua Fabrizio Lazzeri segretario dell\u2019associazione, si sviluppi c\u2019\u00e8 la necessit\u00e0 di incrementare la sicurezza sulle nostre strade. Vogliamo porre l\u2019attenzione sul comportamento sia dei ciclisti, si anche di loro quando non si attengono alle regole, che degli automobilisti. Questo tema \u00e8 molto caro alla nostra associazione, intendiamo perci\u00f2 riproporre la installazione\u00a0 dei cartelli che indicano la giusta distanza che deve essere mantenuta da un automobilista quando sorpassa un ciclista e, soprattutto, l\u2019incremento e la diffusione di piste ciclabili che rendano sicuro l\u2019uso di questo mezzo tutti i giorni.A questo proposito dopo anni di fermo vorremmo vedere realizzata, continuano Biagioli e Lazzeri, la pista ciclabile dalla localit\u00e0 di Le Ville fino Sansepolcro, sul percorso della vecchia ferrovia. Soprattutto vorremmo vedere realizzato il tratto che collega Anghiari a Sansepolcro. La sua realizzazione di fatto rederebbe pi\u00f9 sicuro un percorso, il cosiddetto giro del lago, amato da tutti i praticanti l\u2019uso della bicicletta; amato sia da chi ne fa uso sportivo che da chi ne fa semplice attivit\u00e0 di svago. Tanti in estate, o anche in altre stagioni, scelgono questo percorso per una sgambata in bici; tanti lo vorrebbero scegliere ma non lo fanno preoccupati dal tratto del percorso che corre lungo la Libbia. Occorre, quindi, a nostro parere, dare priorit\u00e0 a questo tratto nella realizzazione della ciclabile lungo la vecchia ferrovia. Ma Ciclistica, continua il Presidente Biagioli, \u00e8 anche e soprattutto, costruire e partecipare a manifestazioni ciclistiche in giro per l\u2019Italia. La manifestazione pi\u00f9 rilevante a cui lavora Ciclistica riguarda la partecipazione al \u201cCircuito terre d\u2019Etruria 23\u201d; il circuito si realizza in 8 tappe tra Toscana e Umbria, la prima delle quali gi\u00e0 nel prossimo mese di marzo a Perugia. E una delle 8 tappe \u00e8 qui da noi, organizzata dalla nostra associazione; \u201cSulle strade del Rinascimento\u201d, la sua denominazione, si terr\u00e0 nel prossimo mese di settembre. Il successo della edizione dello scorso anno, la prima perci\u00f2 la pi\u00f9 impegnativa, garantir\u00e0 larga partecipazione di ciclisti da tutte le regioni del centro Italia; si stima che saranno 500-600 i partecipanti nell\u2019edizione 2023.La partecipazione di ciclisti con la nostra maglia, con la maglia che reca le insegne della citt\u00e0 di Sansepolcro, al circuito Etruria raggiunge quest\u2019anno il record: difatti sono ben 33 i ciclisti inscritti all\u2019associazione che percorreranno le 8 tappe del circuito. Per la prima volta, inoltre, il nutrito gruppo non \u00e8 all\u2019insegna dell\u2019esclusiva presenza maschile ma vede la presenza di un significativo drappello di cicliste.Vorremmo provare a trasmettere alla citt\u00e0, continuano all\u2019unisono Biagioli e Lazzeri, l\u2019orgoglio che si prova nel vedere schierati alla partenza di ogni tappa del circuito i 33 ciclisti e cicliste; 33 maglie con le insegne della nostra citt\u00e0. Nei ciclisti schierati c\u2019\u00e8 l\u2019orgoglio di rappresentare e dare lustro alla nostra citt\u00e0 e alla nostra vallata.Nel programma di Ciclistica non c\u2019\u00e8 solo il Circuito Etruria, altre importanti manifestazioni vedranno la partecipazione di ciclisti con le nostre insegne.I principali appuntamenti sono le 5 prove della \u201cGran Fondo delle Marche\u201d che si corre sul circuito del Montefeltro, di Macerata e della costa Adriatica.Per la sezione mountain bike, le insegne di Ciclistica corrono nella 19\u00b0 edizione dei \u201cColli e Valli mountain bike. Memoriale Valerio Bucci\u201d: 7 prove sui sentieri delle nostre montagne.Per le grandi imprese \u00e8 prevista la partecipazione di nostri atleti alla dura prova di resistenza Milano- Stelvio, 275 km nelle valli Lombarde, questo nel mese di luglio. Infine, la lasciamo volutamente per ultima, continuano Biagioli e Lazzeri, \u00e8 prevista la presenza ad ottobre a L\u2019Intrepida. Non solo partecipiamo, continua Biagioli, e lo sottolineo, volentieri ad una bella manifestazione, ma vogliamo che il gruppo di Ciclistica sia ogni anno pi\u00f9 numeroso.Il nostro \u00e8 un piccolo contributo di presenza di fronte ai tanti ciclisti che intervengono da tutta Italia, la cui partecipazione decreta alla fine il notevole successo che accompagna la manifestazione; la nostra presenza, che pur vogliamo significativa, intende testimoniare la riconoscenza ai \u201ccugini\u201d di Anghiari per aver realizzato un evento che d\u00e0 lustro non solo al loro comune ma all\u2019intera Valtiberina.La presenza di Ciclistica a L\u2019Intrepida \u00e8, quindi, prima ancora che fatto sportivo, amore per la nostra terra.Ciclistica Sansepolcro \u00e8 anche cultura. Nel 2023 intende riproporre la realizzazione di un museo della storia della bicicletta e dei suoi componenti: come si \u00e8 evoluta nella storia.Ha chiesto la collaborazione del Comune di Sansepolcro affinch\u00e9 metta a disposizione un locale adeguato, dove soci collezionisti di Ciclistica possano offrire alla visione della citt\u00e0 in maniera permanente le loro importanti collezioni. In ultimo, Ciclistica ha proposta al Comune la realizzazione di un piccolo parco di avvio all\u2019attivit\u00e0 ciclistica per i ragazzi pi\u00f9 piccoli. Un parco che consenta l\u2019avvio alla bici in sicurezza, invece che sulle strade percorse dalle auto. Ciclistica naturalmente provvederebbe alla sua costante gestione e manutenzione.<\/p>\n","protected":false},"excerpt":{"rendered":"<p>Ciclistica Sansepolcro, l\u2019associazione sportiva orientata a promuovere l\u2019uso della bicicletta, per uso sportivo e civile, presenta il programma delle attivit\u00e0 che intende attuare nel corso del 2023. Una premessa \u00e8 d\u2019obbligo, sottolinea il presidente Massimo Biagioli: il nostro pi\u00f9 intenso desiderio, di conseguenza l\u2019orientamento dell\u2019attivit\u00e0 dell\u2019associazione, \u00e8 quello di costruite occasioni che consentano la pratica [&hellip;]<\/p>\n","protected":false},"author":1,"featured_media":0,"comment_status":"open","ping_status":"open","sticky":false,"template":"","format":"standard","meta":{"_joinchat":[]},"categories":[1],"tags":[],"_links":{"self":[{"href":"https:\/\/www.radioribelle.it\/index.php\/wp-json\/wp\/v2\/posts\/10564"}],"collection":[{"href":"https:\/\/www.radioribelle.it\/index.php\/wp-json\/wp\/v2\/posts"}],"about":[{"href":"https:\/\/www.radioribelle.it\/index.php\/wp-json\/wp\/v2\/types\/post"}],"author":[{"embeddable":true,"href":"https:\/\/www.radioribelle.it\/index.php\/wp-json\/wp\/v2\/users\/1"}],"replies":[{"embeddable":true,"href":"https:\/\/www.radioribelle.it\/index.php\/wp-json\/wp\/v2\/comments?post=10564"}],"version-history":[{"count":1,"href":"https:\/\/www.radioribelle.it\/index.php\/wp-json\/wp\/v2\/posts\/10564\/revisions"}],"predecessor-version":[{"id":10566,"href":"https:\/\/www.radioribelle.it\/index.php\/wp-json\/wp\/v2\/posts\/10564\/revisions\/10566"}],"wp:attachment":[{"href":"https:\/\/www.radioribelle.it\/index.php\/wp-json\/wp\/v2\/media?parent=10564"}],"wp:term":[{"taxonomy":"category","embeddable":true,"href":"https:\/\/www.radioribelle.it\/index.php\/wp-json\/wp\/v2\/categories?post=10564"},{"taxonomy":"post_tag","embeddable":true,"href":"https:\/\/www.radioribelle.it\/index.php\/wp-json\/wp\/v2\/tags?post=10564"}],"curies":[{"name":"wp","href":"https:\/\/api.w.org\/{rel}","templated":true}]}}