{"id":1067,"date":"2026-06-10T10:34:00","date_gmt":"2026-06-10T08:34:00","guid":{"rendered":"https:\/\/www.radioribelle.it\/?p=1067"},"modified":"2026-06-09T16:09:45","modified_gmt":"2026-06-09T14:09:45","slug":"mcl-arezzo-si-congratula-con-comanducci","status":"publish","type":"post","link":"https:\/\/www.radioribelle.it\/index.php\/2026\/06\/10\/mcl-arezzo-si-congratula-con-comanducci\/","title":{"rendered":"MCL Arezzo si congratula con Comanducci"},"content":{"rendered":"\n<div class=\"wp-block-image\"><figure class=\"aligncenter size-large is-resized\"><img loading=\"lazy\" src=\"https:\/\/www.radioribelle.it\/wp-content\/uploads\/2026\/06\/Maurizio-Pagliai-2-1024x576.jpg\" alt=\"\" class=\"wp-image-1072\" width=\"502\" height=\"279\"\/><\/figure><\/div>\n\n\n\n<p>Pagliai al nuovo sindaco: &#8220;Fondamentale che il welfare sociale continui a occupare un ruolo centrale nelle politiche amministrative&#8221;. Il Movimento Cristiano Lavoratori di Arezzo rivolge le congratulazioni a Marcello Comanducci per l&#8217;elezione a sindaco. <\/p>\n\n\n\n<!--more-->\n\n\n\n<p>\u00a0<em>&#8220;L\u2019esito del voto rappresenta per Comanducci un importante riconoscimento e, allo stesso tempo, una grande responsabilit\u00e0 verso l\u2019intera comunit\u00e0 aretina<\/em>&#8221; &#8211; sottolinea il presidente di MCL Arezzo Maurizio Pagliai &#8211; \u00a0&#8220;<em>MCL, da sempre impegnato nella promozione della dignit\u00e0 della persona e del bene comune, desidera rinnovare al neo Sindaco la propria disponibilit\u00e0 al dialogo e alla collaborazione su tutti i temi che riguardano una citt\u00e0 a misura d\u2019uomo, capace di coniugare sviluppo, inclusione e qualit\u00e0 della vita. Riteniamo fondamentale che il welfare sociale continui a occupare un ruolo centrale nelle politiche amministrative: il sostegno alle famiglie, l\u2019attenzione alle fragilit\u00e0, la valorizzazione del volontariato e delle reti comunitarie sono pilastri indispensabili per una citt\u00e0 che vuole crescere senza lasciare indietro nessuno<\/em>&#8220;.\u00a0 Pagliai poi evidenzia un altro aspetto. &#8220;<em>Arezzo merita di rafforzare la propria vocazione culturale e turistica attraverso un\u2019accoglienza moderna, ordinata e funzionale. Servizi essenziali come fontanelle pubbliche, bagni accessibili e parcheggi adeguati non sono semplici dettagli, ma elementi che contribuiscono in modo concreto alla vivibilit\u00e0 urbana e alla qualit\u00e0 dell\u2019esperienza di cittadini e visitatori. Siamo certi<\/em>\u00a0\u00a0&#8211; conclude il presidente di MCL Arezzo &#8211;\u00a0<em>che sotto la guida di Comanducci la citt\u00e0 sapr\u00e0 affrontare con determinazione le sfide che l\u2019attendono, valorizzando le sue eccellenze e costruendo un futuro pi\u00f9 giusto, sostenibile e accogliente<\/em>&#8220;.<\/p>\n\n\n\n<p>Andrea Lorentini<\/p>\n","protected":false},"excerpt":{"rendered":"<p>Pagliai al nuovo sindaco: &#8220;Fondamentale che il welfare sociale continui a occupare un ruolo centrale nelle politiche amministrative&#8221;. Il Movimento Cristiano Lavoratori di Arezzo rivolge le congratulazioni a Marcello Comanducci per l&#8217;elezione a sindaco.<\/p>\n","protected":false},"author":1,"featured_media":0,"comment_status":"closed","ping_status":"closed","sticky":false,"template":"","format":"standard","meta":[],"categories":[1],"tags":[],"_links":{"self":[{"href":"https:\/\/www.radioribelle.it\/index.php\/wp-json\/wp\/v2\/posts\/1067"}],"collection":[{"href":"https:\/\/www.radioribelle.it\/index.php\/wp-json\/wp\/v2\/posts"}],"about":[{"href":"https:\/\/www.radioribelle.it\/index.php\/wp-json\/wp\/v2\/types\/post"}],"author":[{"embeddable":true,"href":"https:\/\/www.radioribelle.it\/index.php\/wp-json\/wp\/v2\/users\/1"}],"replies":[{"embeddable":true,"href":"https:\/\/www.radioribelle.it\/index.php\/wp-json\/wp\/v2\/comments?post=1067"}],"version-history":[{"count":3,"href":"https:\/\/www.radioribelle.it\/index.php\/wp-json\/wp\/v2\/posts\/1067\/revisions"}],"predecessor-version":[{"id":1073,"href":"https:\/\/www.radioribelle.it\/index.php\/wp-json\/wp\/v2\/posts\/1067\/revisions\/1073"}],"wp:attachment":[{"href":"https:\/\/www.radioribelle.it\/index.php\/wp-json\/wp\/v2\/media?parent=1067"}],"wp:term":[{"taxonomy":"category","embeddable":true,"href":"https:\/\/www.radioribelle.it\/index.php\/wp-json\/wp\/v2\/categories?post=1067"},{"taxonomy":"post_tag","embeddable":true,"href":"https:\/\/www.radioribelle.it\/index.php\/wp-json\/wp\/v2\/tags?post=1067"}],"curies":[{"name":"wp","href":"https:\/\/api.w.org\/{rel}","templated":true}]}}