{"id":11011,"date":"2023-02-26T17:00:00","date_gmt":"2023-02-26T16:00:00","guid":{"rendered":"https:\/\/www.radioribelle.it\/?p=11011"},"modified":"2023-02-27T22:24:08","modified_gmt":"2023-02-27T21:24:08","slug":"i-percorsi-del-savio-4","status":"publish","type":"post","link":"https:\/\/www.radioribelle.it\/index.php\/2023\/02\/26\/i-percorsi-del-savio-4\/","title":{"rendered":"I Percorsi del Savio"},"content":{"rendered":"\n<div class=\"wp-block-image\"><figure class=\"alignleft size-full is-resized\"><img loading=\"lazy\" src=\"https:\/\/www.radioribelle.it\/wp-content\/uploads\/2023\/02\/savio.jpg\" alt=\"\" class=\"wp-image-11012\" width=\"255\" height=\"144\" srcset=\"https:\/\/www.radioribelle.it\/wp-content\/uploads\/2023\/02\/savio.jpg 800w, https:\/\/www.radioribelle.it\/wp-content\/uploads\/2023\/02\/savio-300x169.jpg 300w, https:\/\/www.radioribelle.it\/wp-content\/uploads\/2023\/02\/savio-768x433.jpg 768w, https:\/\/www.radioribelle.it\/wp-content\/uploads\/2023\/02\/savio-619x349.jpg 619w\" sizes=\"(max-width: 255px) 100vw, 255px\" \/><\/figure><\/div>\n\n\n\n<p>Febbraio \u00e8 il mese in cui si celebrano\u00a0l\u2019amore, la passione e la felicit\u00e0 di stare insieme. Sull\u2019onda della giornata degli innamorati nasce \u00a0<a rel=\"noreferrer noopener\" href=\"https:\/\/92s4g.r.ag.d.sendibm3.com\/mk\/cl\/f\/4WM_SHX0jNCDFJ24Ol9ma3a3fdF9fiVoZcz7b8_ZouF8UOuX3XJMir1D3L0JeiJUCOicKQe88SJX3hzgumapl5Keg9BD4XJdLXgUhFN2ewY8DrutqEGDCFgGBhC3GcJQA0YwS31dZFNq9QHE8BbVqr1yZrxUN3O1b4aKOtBTWb98RV6vpipK_4vRGJi2UlMnMQnIcKAP0tUBeSZYfp0NbP31_PR2M5y3Hy4SFgvVaXyafazl4VBF-SaMNvzGbTvs9QH4h3FCVx37m54p-EY5JpthD24UdK15ZNaGFpJ-WrWxtA\" target=\"_blank\">Cesena in Love<\/a>, una meravigliosa esperienza nello studio laboratorio dello scultore Leonardo Lucchi nel cuore di\u00a0<a rel=\"noreferrer noopener\" href=\"https:\/\/92s4g.r.ag.d.sendibm3.com\/mk\/cl\/f\/ovPy9YyMYac623ef4uK6juKnUc0ipyghfGhckXT3iHAftVtI99Dq-dmv8_j9XRarJ9iJsqvPQJyv8uXJPe-o1GtVchyIc2dApCxrhmmCiYybAvbHtwpOv9D3fwq8Y23C1boGEbAkgm6JZFUzSDeW0CZIJVP3sraYWX1rzpi6N-0CalnT9u3U7K2RdpVjdg25pAeL_3DgDHrUKtDHC4twRFPLJdD47sMoUd5V\" target=\"_blank\">Cesena<\/a>, che si sviluppa poi in un city tour dove i protagonisti saranno\u00a0Novello Malatesta\u00a0con la sua colta consorte\u00a0Violante, e tutti i personaggi storici che sono passati con i loro amori dalla\u00a0<a rel=\"noreferrer noopener\" href=\"https:\/\/92s4g.r.ag.d.sendibm3.com\/mk\/cl\/f\/xjRevoc9grXl-SvjkwMp-lbf9cGArIzFAtC4L2QIyj3K-cU8xdUx-WxkmXUYbxa9TkY5fESO8IDHPQ44l9-CqfeCVrysDE3GHhj70afAYXiA3XeBLoV0pXtBL_zbADJUhfB6hHR38jUqj50EmikGWBBLxywyYFp0VEw7PtducfOfdmhy032dD3wkTHkfR_2il3biOE_ImImbWozcQN6Wcq-Bwi9j6lH_G8LI\" target=\"_blank\">citt\u00e0 Malatestiana<\/a><\/p>\n\n\n\n<!--more-->\n\n\n\n<p>Un momento romantico che viene anticipato dal contest&nbsp;<a href=\"https:\/\/92s4g.r.ag.d.sendibm3.com\/mk\/cl\/f\/NLG1boznVvSJr4YNrq2IW55hqd17EIe3zNnwdErEjo-hUX2hmORAVGdyLMb5COIBULn04lFO9X7zR_AWQCKHpgHZw655XgJT-h7rCiCKjz9R8nGqo7FMI_aKW1i-cAwPbPo-SAedGy9wOq2msszUpq4rvbXOKwmJVYqrmklfF70BS92xJDLiiH8dZHLJoVSggSf_GJ46vAjNF43EpCm-naWqXmIzHtxeqDg1HzpfdeS_vdh_IhH7nOuZz3XoTUn03j1vec46zj0UbeGUjc_nkuL4j_wGWkf3V9njFWiE2RzEzg\" target=\"_blank\" rel=\"noreferrer noopener\">Baci da Cesena<\/a>, partito gi\u00e0 da qualche giorno e che vedr\u00e0 tra i vincitori coloro che posteranno su Instagram la fotografia pi\u00f9 originale di un bacio da Cesena. Un momento per le coppie e per tutti coloro che si amano&nbsp;<strong>nel cuore della Valle del Savio<\/strong>!<\/p>\n","protected":false},"excerpt":{"rendered":"<p>Febbraio \u00e8 il mese in cui si celebrano\u00a0l\u2019amore, la passione e la felicit\u00e0 di stare insieme. Sull\u2019onda della giornata degli innamorati nasce \u00a0Cesena in Love, una meravigliosa esperienza nello studio laboratorio dello scultore Leonardo Lucchi nel cuore di\u00a0Cesena, che si sviluppa poi in un city tour dove i protagonisti saranno\u00a0Novello Malatesta\u00a0con la sua colta consorte\u00a0Violante, [&hellip;]<\/p>\n","protected":false},"author":1,"featured_media":0,"comment_status":"open","ping_status":"open","sticky":false,"template":"","format":"standard","meta":{"_joinchat":[]},"categories":[1],"tags":[],"_links":{"self":[{"href":"https:\/\/www.radioribelle.it\/index.php\/wp-json\/wp\/v2\/posts\/11011"}],"collection":[{"href":"https:\/\/www.radioribelle.it\/index.php\/wp-json\/wp\/v2\/posts"}],"about":[{"href":"https:\/\/www.radioribelle.it\/index.php\/wp-json\/wp\/v2\/types\/post"}],"author":[{"embeddable":true,"href":"https:\/\/www.radioribelle.it\/index.php\/wp-json\/wp\/v2\/users\/1"}],"replies":[{"embeddable":true,"href":"https:\/\/www.radioribelle.it\/index.php\/wp-json\/wp\/v2\/comments?post=11011"}],"version-history":[{"count":2,"href":"https:\/\/www.radioribelle.it\/index.php\/wp-json\/wp\/v2\/posts\/11011\/revisions"}],"predecessor-version":[{"id":11014,"href":"https:\/\/www.radioribelle.it\/index.php\/wp-json\/wp\/v2\/posts\/11011\/revisions\/11014"}],"wp:attachment":[{"href":"https:\/\/www.radioribelle.it\/index.php\/wp-json\/wp\/v2\/media?parent=11011"}],"wp:term":[{"taxonomy":"category","embeddable":true,"href":"https:\/\/www.radioribelle.it\/index.php\/wp-json\/wp\/v2\/categories?post=11011"},{"taxonomy":"post_tag","embeddable":true,"href":"https:\/\/www.radioribelle.it\/index.php\/wp-json\/wp\/v2\/tags?post=11011"}],"curies":[{"name":"wp","href":"https:\/\/api.w.org\/{rel}","templated":true}]}}