{"id":11172,"date":"2023-02-20T15:04:00","date_gmt":"2023-02-20T14:04:00","guid":{"rendered":"https:\/\/www.radioribelle.it\/?p=11172"},"modified":"2023-02-20T15:28:49","modified_gmt":"2023-02-20T14:28:49","slug":"giornata-mondiale-per-la-giustizia-sociale","status":"publish","type":"post","link":"https:\/\/www.radioribelle.it\/index.php\/2023\/02\/20\/giornata-mondiale-per-la-giustizia-sociale\/","title":{"rendered":"Giornata Mondiale per la Giustizia Sociale"},"content":{"rendered":"\n<div class=\"wp-block-image\"><figure class=\"alignright size-full is-resized\"><img loading=\"lazy\" src=\"https:\/\/www.radioribelle.it\/wp-content\/uploads\/2023\/02\/Grafica.png\" alt=\"\" class=\"wp-image-11173\" width=\"223\" height=\"187\" srcset=\"https:\/\/www.radioribelle.it\/wp-content\/uploads\/2023\/02\/Grafica.png 940w, https:\/\/www.radioribelle.it\/wp-content\/uploads\/2023\/02\/Grafica-300x251.png 300w, https:\/\/www.radioribelle.it\/wp-content\/uploads\/2023\/02\/Grafica-768x644.png 768w, https:\/\/www.radioribelle.it\/wp-content\/uploads\/2023\/02\/Grafica-619x519.png 619w\" sizes=\"(max-width: 223px) 100vw, 223px\" \/><\/figure><\/div>\n\n\n\n<p>SANSEPOLCRO &#8211; Circolo \u201cAdriano Olivetti\u201d L&#8217;Associazione Cultura della Pace, in collaborazione con il Comune di Sansepolcro, Assessorato alla Cultura e con ACLI \u201cAdriano Olivetti\u201d di Sansepolcro, comunica, nella Giornata Mondiale per la Giustizia Sociale, che la Commissione Esaminatrice, presieduta dal Prof. Antonino Drago, massimo esperto di difesa popolare nonviolenta e Premio Nazionale \u201cCultura della Pace-Citt\u00e0 di Sansepolcro\u201d nel 2000<\/p>\n\n\n\n<!--more-->\n\n\n\n<p>Esaminate le tesi arrivate, ha decretato quale vincitore della Borsa di Studio \u201cAngiolino e Giovanni Acquisti\u201d, il lavoro della Dott. ssa Martina Caslini, dal titolo \u201cIl Diritto alla Verit\u00e0 tra legalit\u00e0 e moralit\u00e0 \u2013 Le esperienze delle Commissioni per la verit\u00e0 Colombiana e Tunisina\u201d, discussa pressol\u2019Universit\u00e0 degli Studi di Milano \u2013 Bicocca, Corso di Laurea Magistrale in Giurisprudenza, con questa motivazione: <em>\u201cLa tesi racconta l\u2019originale ricerca della verit\u00e0 attraverso l&#8217;ascolto dei protagonisti, elemento fondamentale per restituire dignit\u00e0 alle vittime, ma anche per costruire una narrazione condivisa che tenga conto di tutti i vissuti e che restituisca giustizia alle persone coinvolte. E\u2019 risultato particolarmente interessante aver lavorato, anche da un punto di vista scientifico\/teorico, sulla verit\u00e0, che se non si pu\u00f2 valutare oggettivamente, rimane decisiva per far s\u00ec che gli avvenimenti dolorosi passati possano essere analizzati e rielaborati in vista di una riconciliazione futura\u201d.<\/em> Tutte le tesi partecipanti, saranno stampate e messe a disposizione della Biblioteca Comunale di Sansepolcro, rendendo questa realt\u00e0, (ad oggi ce ne sono 73), punto di riferimento sempre pi\u00f9 accreditato per la ricerca scientifica della nonviolenza e della cultura della Pace.<\/p>\n\n\n\n<p>Il premio di \u20ac 1.000, messo a disposizione dalla famiglia Acquisti e dal Comune di Sansepolcro, verr\u00e0 consegnato attraverso un&#8217;apposita cerimonia nel mese di Ottobre 2023.<\/p>\n","protected":false},"excerpt":{"rendered":"<p>SANSEPOLCRO &#8211; Circolo \u201cAdriano Olivetti\u201d L&#8217;Associazione Cultura della Pace, in collaborazione con il Comune di Sansepolcro, Assessorato alla Cultura e con ACLI \u201cAdriano Olivetti\u201d di Sansepolcro, comunica, nella Giornata Mondiale per la Giustizia Sociale, che la Commissione Esaminatrice, presieduta dal Prof. Antonino Drago, massimo esperto di difesa popolare nonviolenta e Premio Nazionale \u201cCultura della Pace-Citt\u00e0 [&hellip;]<\/p>\n","protected":false},"author":1,"featured_media":0,"comment_status":"open","ping_status":"open","sticky":false,"template":"","format":"standard","meta":{"_joinchat":[]},"categories":[1],"tags":[],"_links":{"self":[{"href":"https:\/\/www.radioribelle.it\/index.php\/wp-json\/wp\/v2\/posts\/11172"}],"collection":[{"href":"https:\/\/www.radioribelle.it\/index.php\/wp-json\/wp\/v2\/posts"}],"about":[{"href":"https:\/\/www.radioribelle.it\/index.php\/wp-json\/wp\/v2\/types\/post"}],"author":[{"embeddable":true,"href":"https:\/\/www.radioribelle.it\/index.php\/wp-json\/wp\/v2\/users\/1"}],"replies":[{"embeddable":true,"href":"https:\/\/www.radioribelle.it\/index.php\/wp-json\/wp\/v2\/comments?post=11172"}],"version-history":[{"count":2,"href":"https:\/\/www.radioribelle.it\/index.php\/wp-json\/wp\/v2\/posts\/11172\/revisions"}],"predecessor-version":[{"id":11192,"href":"https:\/\/www.radioribelle.it\/index.php\/wp-json\/wp\/v2\/posts\/11172\/revisions\/11192"}],"wp:attachment":[{"href":"https:\/\/www.radioribelle.it\/index.php\/wp-json\/wp\/v2\/media?parent=11172"}],"wp:term":[{"taxonomy":"category","embeddable":true,"href":"https:\/\/www.radioribelle.it\/index.php\/wp-json\/wp\/v2\/categories?post=11172"},{"taxonomy":"post_tag","embeddable":true,"href":"https:\/\/www.radioribelle.it\/index.php\/wp-json\/wp\/v2\/tags?post=11172"}],"curies":[{"name":"wp","href":"https:\/\/api.w.org\/{rel}","templated":true}]}}