{"id":11219,"date":"2023-02-21T15:36:00","date_gmt":"2023-02-21T14:36:00","guid":{"rendered":"https:\/\/www.radioribelle.it\/?p=11219"},"modified":"2023-02-21T14:00:53","modified_gmt":"2023-02-21T13:00:53","slug":"dune-arti-paesaggi-utopie","status":"publish","type":"post","link":"https:\/\/www.radioribelle.it\/index.php\/2023\/02\/21\/dune-arti-paesaggi-utopie\/","title":{"rendered":"DUNE &#8211; Arti Paesaggi Utopie"},"content":{"rendered":"\n<div class=\"wp-block-image\"><figure class=\"alignleft size-large is-resized\"><img loading=\"lazy\" src=\"https:\/\/www.radioribelle.it\/wp-content\/uploads\/2023\/02\/DSC04076-1024x682.jpg\" alt=\"\" class=\"wp-image-11220\" width=\"379\" height=\"252\" srcset=\"https:\/\/www.radioribelle.it\/wp-content\/uploads\/2023\/02\/DSC04076-1024x682.jpg 1024w, https:\/\/www.radioribelle.it\/wp-content\/uploads\/2023\/02\/DSC04076-300x200.jpg 300w, https:\/\/www.radioribelle.it\/wp-content\/uploads\/2023\/02\/DSC04076-768x512.jpg 768w, https:\/\/www.radioribelle.it\/wp-content\/uploads\/2023\/02\/DSC04076-1536x1024.jpg 1536w, https:\/\/www.radioribelle.it\/wp-content\/uploads\/2023\/02\/DSC04076-619x413.jpg 619w, https:\/\/www.radioribelle.it\/wp-content\/uploads\/2023\/02\/DSC04076.jpg 1667w\" sizes=\"(max-width: 379px) 100vw, 379px\" \/><\/figure><\/div>\n\n\n\n<p>SANSEPOLCRO &#8211;  Mostra<strong> <\/strong>a CasermArcheologica Inaugurazione sabato 4 marzo ore 18.00 fino al 20 maggio Sabato 4 marzo 2023 alle ore 18.00 a CasermArcheologica inaugura la mostra esito dell&#8217;ultima edizione di DUNE- Arti Paesaggi Utopie, residenza artistica che si \u00e8 svolta al Parco Regionale della Maremma, nell\u2019area La Femminella a Principina a Mare (GR), dal 12 al 18 settembre 2022.<\/p>\n\n\n\n<!--more-->\n\n\n\n<p>DUNE \u00e8 un Campus creativo transdisciplinare di Arte nella Natura, a cura di Giorgio Zorc\u00f9 della compagnia teatrale Accademia Mutamenti di Grosseto: artisti di varie discipline creano installazioni e performance di teatro, musica e danza ispirati alla filosofia di \u201cArte nella natura\u201d, in residenza artistica per cinque giorni. \u00abDa quattro anni Dune &#8211; spiega il direttore artistico Giorgio Zorc\u00f9 &#8211; \u00e8 un contesto creativo in cui si possono sperimentare nuove relazioni tra linguaggi artistici e paesaggio. Per gli artisti \u00e8 un banco di prova e di libert\u00e0 espressiva, per gli spettatori la possibilit\u00e0 di visioni nuove del territorio e di nuovi modi di abitarlo. Agli artisti invitati si affianca ogni anno un gruppo di giovani talenti emergenti, selezionati da un bando nazionale\u00bb.\u00a0 Gli artisti invitati a Dune 2022: Fabrizio Crisafulli, Ilaria Margutti, Chiara Gambirasio, Giulia Mureddu, Mat Pogo, Mechi Cena, Francesco Michi e Francesco Pellegrino, Franco Baggiani, Stefano Corti, Patrizia Menichelli, Paola Talluri.Oltre a questi hanno partecipato con le loro opere 10 giovani artisti emergenti selezionati tramite bando nazionale: Pietro Angelini, Francesca Santamaria, Tommaso Zerbi, Riccardo Innocenti, Caterina Sammartino, Luca Granato, Ettore Morandi, Giuseppe Percivati, Jacopo Risaliti, Anna Scali.La mostra a CasermArcheologica a cura di Giada Breschi e Mara Pezzopane dell\u2019associazione CLAN &#8211; Collettivo Libero Antinoia, co-curatrici di DUNE, vede tra le opere in mostra anche i video documentari e i pannelli fotografici realizzati da Luca Deravignone e Francesco Rossi.DUNE \u00e8 realizzata grazie ai contributi di Comune di Grosseto, Parco Regionale della Maremma, Fondazione CR Firenze, Regione Toscana con il bando Toscanaincontemporanea, Pro Loco di Marina e Principina a Mare, e a chi collabora da sempre alla sua cura e realizzazione: il Polo Culturale Le Clarisse della Fondazione Grosseto Cultura e il suo direttore Mauro Papa; CLAN con Giada Breschi e Mara Pezzopane come co-curatrici, Matteo Neri per la grafica, Luca Deravignone e Francesco Rossi per video e foto. Nel 2022 si \u00e8 avviata una partnership con CasermArcheologica e con la rassegna Corpi su Palco di Milano.<\/p>\n\n\n\n<p>DUNE &#8211; dal 4 marzo al 20 maggio 2023 CasermArcheologica Via Aggiunti 55 &#8211; Sansepolcro &#8211; AR<\/p>\n\n\n\n<p><strong>Aperture<\/strong>:dal luned\u00ec al venerd\u00ec 15.00 &#8211; 18.00 sabato 16.00 &#8211; 19.00 Domenica chiuso<\/p>\n","protected":false},"excerpt":{"rendered":"<p>SANSEPOLCRO &#8211; Mostra a CasermArcheologica Inaugurazione sabato 4 marzo ore 18.00 fino al 20 maggio Sabato 4 marzo 2023 alle ore 18.00 a CasermArcheologica inaugura la mostra esito dell&#8217;ultima edizione di DUNE- Arti Paesaggi Utopie, residenza artistica che si \u00e8 svolta al Parco Regionale della Maremma, nell\u2019area La Femminella a Principina a Mare (GR), dal [&hellip;]<\/p>\n","protected":false},"author":1,"featured_media":0,"comment_status":"open","ping_status":"open","sticky":false,"template":"","format":"standard","meta":{"_joinchat":[]},"categories":[1],"tags":[],"_links":{"self":[{"href":"https:\/\/www.radioribelle.it\/index.php\/wp-json\/wp\/v2\/posts\/11219"}],"collection":[{"href":"https:\/\/www.radioribelle.it\/index.php\/wp-json\/wp\/v2\/posts"}],"about":[{"href":"https:\/\/www.radioribelle.it\/index.php\/wp-json\/wp\/v2\/types\/post"}],"author":[{"embeddable":true,"href":"https:\/\/www.radioribelle.it\/index.php\/wp-json\/wp\/v2\/users\/1"}],"replies":[{"embeddable":true,"href":"https:\/\/www.radioribelle.it\/index.php\/wp-json\/wp\/v2\/comments?post=11219"}],"version-history":[{"count":1,"href":"https:\/\/www.radioribelle.it\/index.php\/wp-json\/wp\/v2\/posts\/11219\/revisions"}],"predecessor-version":[{"id":11221,"href":"https:\/\/www.radioribelle.it\/index.php\/wp-json\/wp\/v2\/posts\/11219\/revisions\/11221"}],"wp:attachment":[{"href":"https:\/\/www.radioribelle.it\/index.php\/wp-json\/wp\/v2\/media?parent=11219"}],"wp:term":[{"taxonomy":"category","embeddable":true,"href":"https:\/\/www.radioribelle.it\/index.php\/wp-json\/wp\/v2\/categories?post=11219"},{"taxonomy":"post_tag","embeddable":true,"href":"https:\/\/www.radioribelle.it\/index.php\/wp-json\/wp\/v2\/tags?post=11219"}],"curies":[{"name":"wp","href":"https:\/\/api.w.org\/{rel}","templated":true}]}}