{"id":11668,"date":"2023-03-06T06:13:00","date_gmt":"2023-03-06T05:13:00","guid":{"rendered":"https:\/\/www.radioribelle.it\/?p=11668"},"modified":"2023-03-04T13:15:36","modified_gmt":"2023-03-04T12:15:36","slug":"dimmi-diari-multimediali-migranti","status":"publish","type":"post","link":"https:\/\/www.radioribelle.it\/index.php\/2023\/03\/06\/dimmi-diari-multimediali-migranti\/","title":{"rendered":"DIMMI &#8211; Diari Multimediali Migranti"},"content":{"rendered":"\n<div class=\"wp-block-image\"><figure class=\"alignleft size-large is-resized\"><img loading=\"lazy\" src=\"https:\/\/www.radioribelle.it\/wp-content\/uploads\/2023\/03\/dimmiu-1024x536.jpg\" alt=\"\" class=\"wp-image-11669\" width=\"388\" height=\"202\" srcset=\"https:\/\/www.radioribelle.it\/wp-content\/uploads\/2023\/03\/dimmiu-1024x536.jpg 1024w, https:\/\/www.radioribelle.it\/wp-content\/uploads\/2023\/03\/dimmiu-300x157.jpg 300w, https:\/\/www.radioribelle.it\/wp-content\/uploads\/2023\/03\/dimmiu-768x402.jpg 768w, https:\/\/www.radioribelle.it\/wp-content\/uploads\/2023\/03\/dimmiu-619x324.jpg 619w, https:\/\/www.radioribelle.it\/wp-content\/uploads\/2023\/03\/dimmiu.jpg 1200w\" sizes=\"(max-width: 388px) 100vw, 388px\" \/><\/figure><\/div>\n\n\n\n<p>\u00a0PIEVE SANTO STEFANO &#8211; lancia l&#8217;edizione 2023 del concorso nazionale\u00a0rivolto\u00a0a persone di origine o provenienza straniera che vivono o hanno vissuto in Italia o nella Repubblica di San Marino. I vincitori saranno annunciati in occasione del\u00a039\u00b0 Premio Pieve Saverio Tutino\u00a0nel mese di settembre 2023 e le loro storie saranno raccolte in un volume pubblicato da\u00a0Terre di mezzo Editore\u00a0entro l&#8217;anno successivo. Tutte le opere inviate &#8211; vincitrici e non &#8211; verranno conservate nel fondo DIMMI istituito presso l&#8217;Archivio diaristico nazionale<\/p>\n\n\n\n<!--more-->\n\n\n\n<p>Potranno partecipare al concorso le prime 100 proposte\u00a0pervenute entro la data del\u00a031 marzo 2023.<br>Saranno\u00a0ammessi solo racconti autobiografici inediti, presentati in forma scritta ma anche attraverso fotografie, immagini, e-mail, lettere e disegni, cartoline, video o musica.\u00a0I racconti potranno essere redatti in italiano o in lingua straniera; non dovranno essere concepiti necessariamente in forma di \u201cdiario\u201d, ovvero con una scansione temporale\u00a0giornaliera, ma\u00a0il requisito vincolante \u00e8 che siano narrazioni di s\u00e9. Il Comitato scientifico riterr\u00e0 di particolare interesse i racconti che trattano della cultura di origine, dell&#8217;esperienza di migrazione e\/o del vissuto dell&#8217;autore nel paese di arrivo o di transito. Le testimonianze raccolte ad oggi costituiscono una straordinaria fonte di informazioni e conoscenze per gli studiosi e per le future generazioni e concorrono in modo determinante alla definizione di un comune patrimonio culturale basato sulla valorizzazione delle diversit\u00e0. Il\u00a0Comitato Scientifico del concorso DIMMI\u00a0\u00e8 formato dalle seguenti organizzazioni: Archivio diaristico Nazionale, Arci, Arci Firenze, Amref Health Africa, Archivi o delle memorie migranti, ASPEm \u2013 Associazione Solidariet\u00e0 Paesi Emergenti, Centro di ricerca sull\u2019emigrazione Universit\u00e0 della Repubblica di San Marino, Circolo Gianni Bosio, Comune di Pontassieve, Comune di San Giovanni Valdarno, Comitato 3 Ottobre, ISMED\/ CNR, Rete italiana di cultura popolare, EPALE Italia, Oxfam Italia Intercultura, Unione dei Comuni della Valdera, Un Ponte Per\u2026<br>Il Comitato Scientifico \u00e8 completato da due rappresentanti individuati dagli autori e dalle autrici che hanno partecipato alle edizioni precedenti del Concorso DIMMI.<br><br><strong>Come partecipare?<\/strong><br>Scarica il\u00a0<a rel=\"noreferrer noopener\" href=\"https:\/\/customer1574.musvc1.net\/e\/t?q=3%3d0WGT%26u%3dS%26x%3dTBT%26y%3dTHWC%26K%3dqL4F2_JasY_Uk_HZuZ_Ro_JasY_TpM6O.n9vEs4rK4E1AoCr921wLs.93_JasY_TpMy-5yD37xJ_1scp_A85FuGk42_1j3kJasY_TpRITB_HZuZ_RobI_HZuZ_Roum8n6k_FjJ45lAz1wLo_dRoWi_AbBS.y6p%264%3dvM3LlS.x53%26A3%3dVFbF&amp;mupckp=mupAtu4m8OiX0wt\" target=\"_blank\">modulo di partecipazione<\/a>\u00a0che trovi nel sito DIMMI di Storie Migranti, compilalo con i tuoi dati e la tua firma e inviacelo insieme alla tua storia all\u2019indirizzo\u00a0<a rel=\"noreferrer noopener\" href=\"https:\/\/customer1574.musvc1.net\/e\/t?q=0%3dEcPa%26z%3dY%267%3daGZ%268%3daMcL%26R%3d1928o9tI8M_Axgx_L8wLyL_6ylw_HhwF1K2AwQCL6GxJwEA82R2.F8%26B%3d6R7TvX.2CC%26F7%3ddPgJ&amp;mupckp=mupAtu4m8OiX0wt\" target=\"_blank\">info@dimmidistoriemigranti.it<\/a><\/p>\n\n\n\n<p>Per tutti i dettagli sulle modalit\u00e0 di partecipazione, \u00e8 necessario scaricare e leggere il\u00a0<a rel=\"noreferrer noopener\" href=\"https:\/\/customer1574.musvc1.net\/e\/t?q=6%3d6UKW%26q%3dQ%262%3dW8R%263%3dWDUG%26N%3dmJ8Ix_HevU_So_KVsd_Uk_HevU_RtP2M.rBrCw7nI8Hw9sFn764sJw.By_HevU_RtPu-33Gy52M_wqgs_769IqEo7x_4f1oHevU_RtUERF_KVsd_UkZM_KVsd_UkRNU8_rs0tBoFjD8H_IiapN.Fr9%26i%3dC9L13E.GjJ%26wL%3dAWNY&amp;mupckp=mupAtu4m8OiX0wt\" target=\"_blank\">regolamento<\/a>\u00a0del concorso.<br>Scadenza:\u00a031 marzo 2023<\/p>\n","protected":false},"excerpt":{"rendered":"<p>\u00a0PIEVE SANTO STEFANO &#8211; lancia l&#8217;edizione 2023 del concorso nazionale\u00a0rivolto\u00a0a persone di origine o provenienza straniera che vivono o hanno vissuto in Italia o nella Repubblica di San Marino. I vincitori saranno annunciati in occasione del\u00a039\u00b0 Premio Pieve Saverio Tutino\u00a0nel mese di settembre 2023 e le loro storie saranno raccolte in un volume pubblicato da\u00a0Terre [&hellip;]<\/p>\n","protected":false},"author":1,"featured_media":0,"comment_status":"open","ping_status":"open","sticky":false,"template":"","format":"standard","meta":{"_joinchat":[]},"categories":[1],"tags":[],"_links":{"self":[{"href":"https:\/\/www.radioribelle.it\/index.php\/wp-json\/wp\/v2\/posts\/11668"}],"collection":[{"href":"https:\/\/www.radioribelle.it\/index.php\/wp-json\/wp\/v2\/posts"}],"about":[{"href":"https:\/\/www.radioribelle.it\/index.php\/wp-json\/wp\/v2\/types\/post"}],"author":[{"embeddable":true,"href":"https:\/\/www.radioribelle.it\/index.php\/wp-json\/wp\/v2\/users\/1"}],"replies":[{"embeddable":true,"href":"https:\/\/www.radioribelle.it\/index.php\/wp-json\/wp\/v2\/comments?post=11668"}],"version-history":[{"count":1,"href":"https:\/\/www.radioribelle.it\/index.php\/wp-json\/wp\/v2\/posts\/11668\/revisions"}],"predecessor-version":[{"id":11670,"href":"https:\/\/www.radioribelle.it\/index.php\/wp-json\/wp\/v2\/posts\/11668\/revisions\/11670"}],"wp:attachment":[{"href":"https:\/\/www.radioribelle.it\/index.php\/wp-json\/wp\/v2\/media?parent=11668"}],"wp:term":[{"taxonomy":"category","embeddable":true,"href":"https:\/\/www.radioribelle.it\/index.php\/wp-json\/wp\/v2\/categories?post=11668"},{"taxonomy":"post_tag","embeddable":true,"href":"https:\/\/www.radioribelle.it\/index.php\/wp-json\/wp\/v2\/tags?post=11668"}],"curies":[{"name":"wp","href":"https:\/\/api.w.org\/{rel}","templated":true}]}}