{"id":11702,"date":"2023-03-06T12:29:00","date_gmt":"2023-03-06T11:29:00","guid":{"rendered":"https:\/\/www.radioribelle.it\/?p=11702"},"modified":"2023-03-06T12:22:59","modified_gmt":"2023-03-06T11:22:59","slug":"david-hazeltine-trio","status":"publish","type":"post","link":"https:\/\/www.radioribelle.it\/index.php\/2023\/03\/06\/david-hazeltine-trio\/","title":{"rendered":"DAVID HAZELTINE TRIO"},"content":{"rendered":"\n<div class=\"wp-block-image\"><figure class=\"alignright size-large is-resized\"><img loading=\"lazy\" src=\"https:\/\/www.radioribelle.it\/wp-content\/uploads\/2023\/03\/David-Hazeltine-2-di-John-Abbott-1024x677.jpg\" alt=\"\" class=\"wp-image-11703\" width=\"374\" height=\"247\" srcset=\"https:\/\/www.radioribelle.it\/wp-content\/uploads\/2023\/03\/David-Hazeltine-2-di-John-Abbott-1024x677.jpg 1024w, https:\/\/www.radioribelle.it\/wp-content\/uploads\/2023\/03\/David-Hazeltine-2-di-John-Abbott-300x198.jpg 300w, https:\/\/www.radioribelle.it\/wp-content\/uploads\/2023\/03\/David-Hazeltine-2-di-John-Abbott-768x508.jpg 768w, https:\/\/www.radioribelle.it\/wp-content\/uploads\/2023\/03\/David-Hazeltine-2-di-John-Abbott-1536x1015.jpg 1536w, https:\/\/www.radioribelle.it\/wp-content\/uploads\/2023\/03\/David-Hazeltine-2-di-John-Abbott-2048x1353.jpg 2048w, https:\/\/www.radioribelle.it\/wp-content\/uploads\/2023\/03\/David-Hazeltine-2-di-John-Abbott-619x409.jpg 619w\" sizes=\"(max-width: 374px) 100vw, 374px\" \/><\/figure><\/div>\n\n\n\n<p>Concerto di sabato 11 marzo Bologna, Camera Jazz&amp;Music Club, ore 22:00 David Hazeltine \u2013 pianoforte; Aldo Zunino \u2013 contrabbasso; Bernd Reiter \u2013 batteria Sabato 11 marzo l\u2019edizione 2023 di <strong>Crossroads<\/strong> torna al Camera Jazz&amp;Music Club di Bologna. Per questo nuovo passaggio nel capoluogo emiliano-romagnolo, il festival musicale itinerante regionale propone un concerto del trio del pianista <strong>David Hazeltine<\/strong>, con Aldo Zunino al contrabbasso e Bernd Reiter alla batteria: un fulgido esempio del miglior jazz <em>mainstream<\/em> (inizio alle ore 22).<\/p>\n\n\n\n<!--more-->\n\n\n\n<p>Crossroads 2023 \u00e8 organizzato da Jazz Network in collaborazione con l\u2019Assessorato alla Cultura della Regione Emilia-Romagna e con il sostegno del Ministero della Cultura e di numerose altre istituzioni. Il festival vanta il patrocinio di ANCI Emilia-Romagna e di SIAE. Il concerto \u00e8 realizzato in collaborazione con il Camera Jazz&amp;Music Club Bologna. Biglietti: prezzo intero euro 20, ridotto 15 (under 30, nuovi soci); affiliazione Endas ingresso riservato ai soci, tessera annuale euro 15.<\/p>\n\n\n\n<p>David Hazeltine \u00e8 uno dei pi\u00f9 apprezzati pianisti della sua generazione, uno dei pi\u00f9 puri eredi della tradizione jazzistica di estrazione post-bop. Nato a Milwaukee nel 1958, \u00e8 appena un adolescente quando fa il suo debutto come professionista. Sino ai primi anni Novanta rimane \u2018confinato\u2019 nella zona tra la sua citt\u00e0 natale e Chicago. Ma dal momento in cui si trasferisce a New York, nel 1993, il suo nome emerge rapidamente. Si mette in evidenza nei jazz club newyorkesi durante gli anni Novanta, coprendo un vasto spettro stilistico (dallo swing al bop pi\u00f9 avanzato). Lo si ascolta assieme ad artisti di spicco: Art Farmer, Dizzy Gillespie, Sonny Rollins, Freddie Hubbard, James Moody, Faddis-Hampton-Heat Sextet, Louis Hayes, Eddie Harris, Joe Henderson, Pepper Adams, Jon Hendricks, Marlena Shaw (della quale \u00e8 anche arrangiatore e direttore musicale) e tanti altri. Suona anche nella big band di Slide Hampton e nella Carnegie Hall Big Band. Contemporaneamente prende il via la sua carriera discografica: dal 1995 i suoi dischi sia da leader che come <em>sideman<\/em> si susseguono senza sosta, al pari della sua attivit\u00e0 concertistica. Le sue incisioni appaiono su etichette che sono un bollino di garanzia per il <em>mainstream<\/em> del pi\u00f9 alto livello: Sharp Nine, Criss Cross, Venus, Chesky, Smoke Sessions. Del massimo rilievo \u00e8 la sua partecipazione alla formazione <em>all stars<\/em> One for All, con la quale realizza sedici dischi e appare nei maggiori festival internazionali.<\/p>\n\n\n\n<p><em>Camera Jazz&amp;Music Club<\/em>, Vicolo Alemagna. Daniele Cecchini, Sandra Costantini<\/p>\n","protected":false},"excerpt":{"rendered":"<p>Concerto di sabato 11 marzo Bologna, Camera Jazz&amp;Music Club, ore 22:00 David Hazeltine \u2013 pianoforte; Aldo Zunino \u2013 contrabbasso; Bernd Reiter \u2013 batteria Sabato 11 marzo l\u2019edizione 2023 di Crossroads torna al Camera Jazz&amp;Music Club di Bologna. Per questo nuovo passaggio nel capoluogo emiliano-romagnolo, il festival musicale itinerante regionale propone un concerto del trio del [&hellip;]<\/p>\n","protected":false},"author":1,"featured_media":0,"comment_status":"open","ping_status":"open","sticky":false,"template":"","format":"standard","meta":{"_joinchat":[]},"categories":[1],"tags":[],"_links":{"self":[{"href":"https:\/\/www.radioribelle.it\/index.php\/wp-json\/wp\/v2\/posts\/11702"}],"collection":[{"href":"https:\/\/www.radioribelle.it\/index.php\/wp-json\/wp\/v2\/posts"}],"about":[{"href":"https:\/\/www.radioribelle.it\/index.php\/wp-json\/wp\/v2\/types\/post"}],"author":[{"embeddable":true,"href":"https:\/\/www.radioribelle.it\/index.php\/wp-json\/wp\/v2\/users\/1"}],"replies":[{"embeddable":true,"href":"https:\/\/www.radioribelle.it\/index.php\/wp-json\/wp\/v2\/comments?post=11702"}],"version-history":[{"count":1,"href":"https:\/\/www.radioribelle.it\/index.php\/wp-json\/wp\/v2\/posts\/11702\/revisions"}],"predecessor-version":[{"id":11704,"href":"https:\/\/www.radioribelle.it\/index.php\/wp-json\/wp\/v2\/posts\/11702\/revisions\/11704"}],"wp:attachment":[{"href":"https:\/\/www.radioribelle.it\/index.php\/wp-json\/wp\/v2\/media?parent=11702"}],"wp:term":[{"taxonomy":"category","embeddable":true,"href":"https:\/\/www.radioribelle.it\/index.php\/wp-json\/wp\/v2\/categories?post=11702"},{"taxonomy":"post_tag","embeddable":true,"href":"https:\/\/www.radioribelle.it\/index.php\/wp-json\/wp\/v2\/tags?post=11702"}],"curies":[{"name":"wp","href":"https:\/\/api.w.org\/{rel}","templated":true}]}}