{"id":12130,"date":"2023-03-16T16:23:00","date_gmt":"2023-03-16T15:23:00","guid":{"rendered":"https:\/\/www.radioribelle.it\/?p=12130"},"modified":"2023-03-17T16:41:11","modified_gmt":"2023-03-17T15:41:11","slug":"campo-roberto-lorentini","status":"publish","type":"post","link":"https:\/\/www.radioribelle.it\/index.php\/2023\/03\/16\/campo-roberto-lorentini\/","title":{"rendered":"Campo Roberto Lorentini"},"content":{"rendered":"\n<div class=\"wp-block-image\"><figure class=\"alignleft size-full is-resized\"><img loading=\"lazy\" src=\"https:\/\/www.radioribelle.it\/wp-content\/uploads\/2023\/03\/Scapecchi-campo-Lorentini.jpeg\" alt=\"\" class=\"wp-image-12131\" width=\"295\" height=\"221\" srcset=\"https:\/\/www.radioribelle.it\/wp-content\/uploads\/2023\/03\/Scapecchi-campo-Lorentini.jpeg 640w, https:\/\/www.radioribelle.it\/wp-content\/uploads\/2023\/03\/Scapecchi-campo-Lorentini-300x225.jpeg 300w, https:\/\/www.radioribelle.it\/wp-content\/uploads\/2023\/03\/Scapecchi-campo-Lorentini-619x464.jpeg 619w\" sizes=\"(max-width: 295px) 100vw, 295px\" \/><\/figure><\/div>\n\n\n\n<p>Arezzo &#8211; per 25 anni in gestione alla Fortis Arezzo. La svolta presentata dall&#8217;assessore Federico Scapecchi Il modello di trasparenza e partecipazione impostato sui bandi pubblici si conferma vincente. In passato, su questo impianto polemiche strumentali e umanamente inaccettabili Novit\u00e0 per l&#8217;impianto sportivo di via Pisacane intitolato a Roberto Lorentini, il medico aretino morto a Bruxelles in occasione dei tragici episodi avvenuti allo stadio Heysel nel 1985, prima della finale di Coppa dei campioni tra Juventus e Liverpool. <\/p>\n\n\n\n<!--more-->\n\n\n\n<p>Soddisfatto l&#8217;assessore Federico Scapecchi &#8220;abbiamo intrapreso una politica precisa di riqualificazione degli impianti che passa attraverso lo strumento dei bandi pubblici. Questi ultimi, a differenza delle proroghe gestionali che caratterizzavano il passato, garantiscono massima trasparenza e partecipazione, anche per le societ\u00e0 neo-costituite. In questo modo, abbiamo aggiudicato gi\u00e0 9 impianti con un risvolto economico importante visto che i gestori garantiscono oltre un milione e 100.000 euro di investimenti complessivi. Il Comune d\u0092altronde, ora pi\u00f9 che mai in un momento storico in cui la struttura \u00e8 orientata a rispettare norme e scadenze imposte dal Pnrr, non ha risorse umane per sopperire con tempestivit\u00e0 alle esigenze delle strutture sportive. La nostra fortuna \u00e8 che esiste un terreno fertile costituito dalle associazioni sportive aretine e tra queste, dopo una prima fase in cui e stato necessario integrare la documentazione e una successiva di interlocuzione, per il campo di Pescaiola \u00e8 emersa la Fortis Arezzo con la sua proposta. Da luned\u00ec scorso, questa societ\u00e0 \u00e8 ufficialmente l\u0092aggiudicataria del campo per i prossimi 25 anni. Si occuper\u00e0 dei lavori previsti dal bando per un totale di circa 200.000 euro. La presenza di Andrea Lorentini al mio fianco dimostra come le polemiche strumentali dei mesi scorsi, sull\u0092incuria di un campo di cui veniva sottolineata la dedica al padre Roberto, non mi hanno scalfito nell\u0092intento e nell\u0092impegno. Le rispedisco anzi al mittente, dopo aver ricordato che le ho trovate umanamente offensive. Tutti gli impianti sportivi sono importanti, avere riservato una specifica conferenza stampa a questo non sminuisce gli altri, gestiti peraltro ottimamente: era proprio per mettere i puntini sulle I su una struttura diventata oggetto di una pretestuosa attenzione mediatica\u0094.<\/p>\n\n\n\n<p>Andrea Lorentini: \u0093mi fa piacere essere arrivati a una soluzione anche perch\u00e9, al di l\u00e0 del legame con mio padre, abito a Pescaiola e passo da l\u00ec ogni giorno. Auspicavo da tempo una svolta, finalmente ci siamo arrivati e in virt\u00f9 del ruolo che ricopro nell&#8217;associazione che riunisce i parenti delle vittime dell\u0092Heysel mi dichiaro fin da ora sono disponibile a collaborare a iniziative dedicate a mio padre. Sono inoltre contento che anche il campo dedicato a Giusy Conti, la seconda vittima aretina di Bruxelles, sia tornato a una nuova vita Francesco Martoglio, presidente della Fortis Arezzo: la societ\u00e0 \u00e8 nata nel 2014, la prima squadra attualmente gioca in terza categoria ma siamo cresciuti anche come numero di squadre giovanili. Ci mancava una \u0091casa\u0092 ma domattina avremo le chiavi dell\u0092impianto. La struttura ha dimensioni importanti e non ci tireremo indietro con i lavori perche vorremmo giocarvi fin dalla prossima stagione Alberto Melis, delegato provinciale del Coni: segnalo che si concretizza il recupero di uno spazio in un quartiere molto popoloso e questo potrebbe costituire il primo segnale del rilancio complessivo di una zona dalle enormi potenzialit\u00e0 come centro di attrazione per la salute e il benessere della persona Il delegato della Figc Franco Petrucci: \u0093rilevo con piacere che il campo \u00e8 stato assegnato a una realt\u00e0 con un bel settore giovanile, cosa non scontata perch\u00e9 una societ\u00e0 che partecipa a una terza categoria, in genere si limita a questo. Fortis Arezzo rappresenta una positiva eccezione Tutti i partecipanti alla conferenza stampa hanno sottolineato come sia traguardo comune il recupero della memoria di Roberto Lorentini anche tramite la valorizzazione della dedica che campeggia per questo campo: il suo nome deve suscitare emozione per i valori che ha rappresentato con il suo gesto eroico compiuto a Bruxelles prima di perdere la vita Ricordiamo che a Roberto Lorentini, da alcune settimane, \u00e8 dedicata un&#8217;aula del liceo scientifico aretino, la scuola che aveva frequentato prima d&#8217;intraprendere l&#8217;universit\u00e0 di medicina.<\/p>\n","protected":false},"excerpt":{"rendered":"<p>Arezzo &#8211; per 25 anni in gestione alla Fortis Arezzo. La svolta presentata dall&#8217;assessore Federico Scapecchi Il modello di trasparenza e partecipazione impostato sui bandi pubblici si conferma vincente. In passato, su questo impianto polemiche strumentali e umanamente inaccettabili Novit\u00e0 per l&#8217;impianto sportivo di via Pisacane intitolato a Roberto Lorentini, il medico aretino morto a [&hellip;]<\/p>\n","protected":false},"author":1,"featured_media":0,"comment_status":"open","ping_status":"open","sticky":false,"template":"","format":"standard","meta":{"_joinchat":[]},"categories":[1],"tags":[],"_links":{"self":[{"href":"https:\/\/www.radioribelle.it\/index.php\/wp-json\/wp\/v2\/posts\/12130"}],"collection":[{"href":"https:\/\/www.radioribelle.it\/index.php\/wp-json\/wp\/v2\/posts"}],"about":[{"href":"https:\/\/www.radioribelle.it\/index.php\/wp-json\/wp\/v2\/types\/post"}],"author":[{"embeddable":true,"href":"https:\/\/www.radioribelle.it\/index.php\/wp-json\/wp\/v2\/users\/1"}],"replies":[{"embeddable":true,"href":"https:\/\/www.radioribelle.it\/index.php\/wp-json\/wp\/v2\/comments?post=12130"}],"version-history":[{"count":2,"href":"https:\/\/www.radioribelle.it\/index.php\/wp-json\/wp\/v2\/posts\/12130\/revisions"}],"predecessor-version":[{"id":12164,"href":"https:\/\/www.radioribelle.it\/index.php\/wp-json\/wp\/v2\/posts\/12130\/revisions\/12164"}],"wp:attachment":[{"href":"https:\/\/www.radioribelle.it\/index.php\/wp-json\/wp\/v2\/media?parent=12130"}],"wp:term":[{"taxonomy":"category","embeddable":true,"href":"https:\/\/www.radioribelle.it\/index.php\/wp-json\/wp\/v2\/categories?post=12130"},{"taxonomy":"post_tag","embeddable":true,"href":"https:\/\/www.radioribelle.it\/index.php\/wp-json\/wp\/v2\/tags?post=12130"}],"curies":[{"name":"wp","href":"https:\/\/api.w.org\/{rel}","templated":true}]}}