{"id":12239,"date":"2023-03-17T14:20:20","date_gmt":"2023-03-17T13:20:20","guid":{"rendered":"https:\/\/www.radioribelle.it\/?p=12239"},"modified":"2023-03-19T11:11:42","modified_gmt":"2023-03-19T10:11:42","slug":"arrestate-putin","status":"publish","type":"post","link":"https:\/\/www.radioribelle.it\/index.php\/2023\/03\/17\/arrestate-putin\/","title":{"rendered":"Arrestate Putin"},"content":{"rendered":"\n<div class=\"wp-block-image\"><figure class=\"alignright size-full\"><img loading=\"lazy\" width=\"265\" height=\"190\" src=\"https:\/\/www.radioribelle.it\/wp-content\/uploads\/2023\/03\/putin.jpg\" alt=\"\" class=\"wp-image-12240\"\/><\/figure><\/div>\n\n\n\n<p>Mandato di cattura internazionale per Putin, cosa succede ora? La decisione della Corte penale internazionale obbliga 123 Paesi del mondo a privare della libert\u00e0 il leader del Cremlino qualora dovesse mettere piede in una di queste nazioni <\/p>\n\n\n\n<!--more-->\n\n\n\n<p>la Corte dell\u2019Aja lo accusa di crimini di guerra Ricercato per crimini di guerra. \u00c8 la situazione in cui si trova da oggi Vladimir Putin, dopo il mandato di arresto nei suoi confronti \u00a0emesso dalla Corte Penale Internazionale (Cpi). Il tribunale, che ha sede all&#8217;Aia, in Olanda, ha incriminato il presidente russo in particolare per la deportazione illegale di bambini ucraini  trasferiti a migliaia o addirittura a decine di migliaia in Russia, contro la volont\u00e0 loro e delle loro famiglie, dalle zone occupate dalle truppe di Mosca durante l&#8217;invasione. Con la medesima imputazione, la Corte ha emesso un mandato d&#8217;arresto anche per\u00a0 maria Lvova Belova  la commissaria per l&#8217;infanzia del governo russo. <\/p>\n\n\n\n<p>Arriva dunque a una clamorosa svolta l\u2019inchiesta avviata poche settimane dopo l\u2019invasione. <br>Il presidente russo \u00e8 accusato di aver deportato migliaia di bambini ucraini in Russia. La stessa accusa, con un secondo mandato di cattura, \u00e8 stata contestata a Maria Lvova-Belova, commissaria di Mosca per i diritti dei bambini. Investigatori e magistrati che indagano sui crimini compiuti durante il conflitto spiegano che questo filone di indagine ha sempre avuto la priorit\u00e0 perch\u00e9 \u00abbambini e adolescenti non possono essere trattati come bottino di guerra\u00bb. E adesso, al termine di verifiche complesse e approfondite anche per quanto riguarda la credibilit\u00e0 e gli aspetti giuridici, i tre giudici &#8211; l\u2019italiano Rosario Aitala , la giapponese Tomoko Akane e il costaricano Sergio Ugalde &#8211; hanno accolto le richieste del procuratore Karim Khan. \u00ab Le decisioni della Corte penale internazionale non hanno alcun significato per il nostro Paese, nemmeno dal punto divista legale\u00bb, ha commentato la portavoce del Cremlino, Maria Zakharova, mentre Kiev parla di una decisione \u00abstorica\u00bb: \u00abContinuiamo la stretta collaborazione con la Cpi nei casi di deportazione forzata di bambini ucraini. Oltre 40 volumi di fascicoli, pi\u00f9 di 1000 pagine di prove gi\u00e0 condivise con la Corte\u00bb, ha scritto su Twitter il procuratore generale dell\u2019Ucraina, Andrij Kostin. Il 16 marzo 2023 \u00e8 stato pubblicato il rapporto della commissione d\u2019inchiesta dell\u2019Onu che accusa Mosca di aver commesso \u00abun numero considerevole di crimini di guerra in quattro regioni ucraine nelle prime settimane dopo l\u2019invasione russa\u00bb e specificano come \u00able situazioni esaminate riguardanti il trasferimento e la deportazione di bambini, rispettivamente all\u2019interno dell\u2019Ucraina e nella Federazione Russa, violano il diritto umanitario internazionale e costituiscono un crimine di guerra\u00bb. Mark Ellis, direttore esecutivo dell\u2019International Bar Association, ha dichiarato al <em>New York Times<\/em>: \u00abC\u2019\u00e8 stata molta attenzione su questo problema e perseguirlo come un crimine generer\u00e0 molte reazioni. \u00c8 vietato trasferire con la forza i civili attraverso un confine e durante un conflitto pu\u00f2 essere un crimine di guerra. Pu\u00f2 anche costituire un crimine contro l\u2019umanit\u00e0\u00bb. I minori sarebbero inviati nei campi di rieducazione russi e poi affidati a famiglie per l\u2019adozione definitiva. Una decisione storica&#8221;, la definisce Andrij Kostin, procuratore generale dell&#8217;Ucraina, il cui ufficio ha condiviso con i giudici dell&#8217;Aia 40 volumi di fascicoli per un totale di pi\u00f9 di mille pagine di prove. &#8220;Per noi le decisioni della Corte Penale Internazionale non hanno alcun significato&#8221;, commenta invece a Mosca la portavoce del ministero degli Esteri russo Maria Zakharova.<\/p>\n","protected":false},"excerpt":{"rendered":"<p>Mandato di cattura internazionale per Putin, cosa succede ora? La decisione della Corte penale internazionale obbliga 123 Paesi del mondo a privare della libert\u00e0 il leader del Cremlino qualora dovesse mettere piede in una di queste nazioni<\/p>\n","protected":false},"author":1,"featured_media":0,"comment_status":"open","ping_status":"open","sticky":false,"template":"","format":"standard","meta":{"_joinchat":[]},"categories":[1],"tags":[],"_links":{"self":[{"href":"https:\/\/www.radioribelle.it\/index.php\/wp-json\/wp\/v2\/posts\/12239"}],"collection":[{"href":"https:\/\/www.radioribelle.it\/index.php\/wp-json\/wp\/v2\/posts"}],"about":[{"href":"https:\/\/www.radioribelle.it\/index.php\/wp-json\/wp\/v2\/types\/post"}],"author":[{"embeddable":true,"href":"https:\/\/www.radioribelle.it\/index.php\/wp-json\/wp\/v2\/users\/1"}],"replies":[{"embeddable":true,"href":"https:\/\/www.radioribelle.it\/index.php\/wp-json\/wp\/v2\/comments?post=12239"}],"version-history":[{"count":1,"href":"https:\/\/www.radioribelle.it\/index.php\/wp-json\/wp\/v2\/posts\/12239\/revisions"}],"predecessor-version":[{"id":12241,"href":"https:\/\/www.radioribelle.it\/index.php\/wp-json\/wp\/v2\/posts\/12239\/revisions\/12241"}],"wp:attachment":[{"href":"https:\/\/www.radioribelle.it\/index.php\/wp-json\/wp\/v2\/media?parent=12239"}],"wp:term":[{"taxonomy":"category","embeddable":true,"href":"https:\/\/www.radioribelle.it\/index.php\/wp-json\/wp\/v2\/categories?post=12239"},{"taxonomy":"post_tag","embeddable":true,"href":"https:\/\/www.radioribelle.it\/index.php\/wp-json\/wp\/v2\/tags?post=12239"}],"curies":[{"name":"wp","href":"https:\/\/api.w.org\/{rel}","templated":true}]}}