{"id":12249,"date":"2023-03-20T09:39:00","date_gmt":"2023-03-20T08:39:00","guid":{"rendered":"https:\/\/www.radioribelle.it\/?p=12249"},"modified":"2023-03-18T11:10:56","modified_gmt":"2023-03-18T10:10:56","slug":"la-nuova-vita-del-palazzo-del-podesta","status":"publish","type":"post","link":"https:\/\/www.radioribelle.it\/index.php\/2023\/03\/20\/la-nuova-vita-del-palazzo-del-podesta\/","title":{"rendered":"La nuova vita del Palazzo del Podest\u00e0"},"content":{"rendered":"\n<div class=\"wp-block-image\"><figure class=\"alignleft size-large is-resized\"><img loading=\"lazy\" src=\"https:\/\/www.radioribelle.it\/wp-content\/uploads\/2023\/03\/526DE2A6-B365-4C2E-8539-17E22F134AE0-1024x768.jpeg\" alt=\"\" class=\"wp-image-12250\" width=\"317\" height=\"238\" srcset=\"https:\/\/www.radioribelle.it\/wp-content\/uploads\/2023\/03\/526DE2A6-B365-4C2E-8539-17E22F134AE0-1024x768.jpeg 1024w, https:\/\/www.radioribelle.it\/wp-content\/uploads\/2023\/03\/526DE2A6-B365-4C2E-8539-17E22F134AE0-300x225.jpeg 300w, https:\/\/www.radioribelle.it\/wp-content\/uploads\/2023\/03\/526DE2A6-B365-4C2E-8539-17E22F134AE0-768x576.jpeg 768w, https:\/\/www.radioribelle.it\/wp-content\/uploads\/2023\/03\/526DE2A6-B365-4C2E-8539-17E22F134AE0-1536x1152.jpeg 1536w, https:\/\/www.radioribelle.it\/wp-content\/uploads\/2023\/03\/526DE2A6-B365-4C2E-8539-17E22F134AE0-619x464.jpeg 619w, https:\/\/www.radioribelle.it\/wp-content\/uploads\/2023\/03\/526DE2A6-B365-4C2E-8539-17E22F134AE0.jpeg 2048w\" sizes=\"(max-width: 317px) 100vw, 317px\" \/><\/figure><\/div>\n\n\n\n<p>CITTA&#8217; DI CASTELLO &#8211; 23 mostre nel 2022, 6 gi\u00e0 svolte e 11 in programma entro il 2023. Secondi e Botteghi: \u201cUna risposta gratuita per valorizzare gli artisti locali. Presto nella rete dei luoghi della cultura anche il Ridotto degli Illuminati\u201d. 23 artisti in mostra nel 2022, sei mostre, di cui una collettiva, gi\u00e0 svolte e altre 11 in programmazione fino alla fine dell\u2019anno, prenotazioni gi\u00e0 aperte anche per il 2024: \u00e8 questo il bilancio ad un anno circa dalla riapertura delle Sale del Podest\u00e0 di Citt\u00e0 di Castello. <\/p>\n\n\n\n<!--more-->\n\n\n\n<p>\u201cCon la ripresa delle attivit\u00e0 in presenza, le sale del Podest\u00e0 sono tornate ad essere un punto di riferimento per tutto il movimento delle arti visuali di Citt\u00e0 di Castello\u201d dichiarano il sindaco\u00a0Luca Secondi\u00a0e l\u2019assessore tifernate alla Cultura\u00a0Michela Botteghi,\u00a0in occasione dell\u2019allestimento della personale \u201cRealease Art\u201ddi Walter Ceccarelli, che si terr\u00e0 da sabato 17 marzo, quando nel pomeriggio \u00e8 previsto il vernissage, al 4 aprile 2023, su iniziativa di Luoghi Interiori, promotore del Premio letterario nazionale Citt\u00e0 di Castello. \u201cNei giorni scorsi, a cura dell\u2019Ufficio Cultura, del volontario del Servizio Civile e del personale dei Progetti utili alla Collettivit\u00e0, si \u00e8 proceduto ad una manutenzione degli interni, necessaria dopo un utilizzo cos\u00ec intenso e continuativo. Ora siamo pronti per ripartire e ospitare le mostre che in successione sono state calendarizzate. In questo caso l\u2019offerta ha fatto emergere una domanda che gi\u00e0 esisteva e che aspettava di avere attenzione da parte dell\u2019ente pubblico. Grazie agli spazi messi a disposizione tanti artisti hanno avuto nelle sale del Podest\u00e0 uno spazio gratuito e centrale per esporre le loro opere. La disponibilit\u00e0 di luoghi della cultura all\u2019oggi pu\u00f2 contare anche sulla Rotonda medievale, sulla manica lunga e sulle sale dell\u2019ala nuova della Pinacoteca comunale. Le tante richieste sono per l\u2019Amministrazione un obiettivo raggiunto, specialmente dopo i due anni di stop dovuti all\u2019emergenza sanitaria. Per questo grazie alla collaborazione del gestore del Teatro degli Illuminati, Sogepu, che ha condiviso e sostenuto fattivamente il progetto di ampliamento degli spazi, presto sar\u00e0 possibile allargare la rete anche al Ridotto degli Illuminati, un luogo bello, suggestivo e polivalente che merita di essere visitato e di diventare un altro hotspot delle politiche culturali cittadine\u201d.<\/p>\n","protected":false},"excerpt":{"rendered":"<p>CITTA&#8217; DI CASTELLO &#8211; 23 mostre nel 2022, 6 gi\u00e0 svolte e 11 in programma entro il 2023. Secondi e Botteghi: \u201cUna risposta gratuita per valorizzare gli artisti locali. Presto nella rete dei luoghi della cultura anche il Ridotto degli Illuminati\u201d. 23 artisti in mostra nel 2022, sei mostre, di cui una collettiva, gi\u00e0 svolte [&hellip;]<\/p>\n","protected":false},"author":1,"featured_media":0,"comment_status":"open","ping_status":"open","sticky":false,"template":"","format":"standard","meta":{"_joinchat":[]},"categories":[1],"tags":[],"_links":{"self":[{"href":"https:\/\/www.radioribelle.it\/index.php\/wp-json\/wp\/v2\/posts\/12249"}],"collection":[{"href":"https:\/\/www.radioribelle.it\/index.php\/wp-json\/wp\/v2\/posts"}],"about":[{"href":"https:\/\/www.radioribelle.it\/index.php\/wp-json\/wp\/v2\/types\/post"}],"author":[{"embeddable":true,"href":"https:\/\/www.radioribelle.it\/index.php\/wp-json\/wp\/v2\/users\/1"}],"replies":[{"embeddable":true,"href":"https:\/\/www.radioribelle.it\/index.php\/wp-json\/wp\/v2\/comments?post=12249"}],"version-history":[{"count":1,"href":"https:\/\/www.radioribelle.it\/index.php\/wp-json\/wp\/v2\/posts\/12249\/revisions"}],"predecessor-version":[{"id":12251,"href":"https:\/\/www.radioribelle.it\/index.php\/wp-json\/wp\/v2\/posts\/12249\/revisions\/12251"}],"wp:attachment":[{"href":"https:\/\/www.radioribelle.it\/index.php\/wp-json\/wp\/v2\/media?parent=12249"}],"wp:term":[{"taxonomy":"category","embeddable":true,"href":"https:\/\/www.radioribelle.it\/index.php\/wp-json\/wp\/v2\/categories?post=12249"},{"taxonomy":"post_tag","embeddable":true,"href":"https:\/\/www.radioribelle.it\/index.php\/wp-json\/wp\/v2\/tags?post=12249"}],"curies":[{"name":"wp","href":"https:\/\/api.w.org\/{rel}","templated":true}]}}