{"id":12317,"date":"2023-03-21T09:43:00","date_gmt":"2023-03-21T08:43:00","guid":{"rendered":"https:\/\/www.radioribelle.it\/?p=12317"},"modified":"2023-03-20T15:45:06","modified_gmt":"2023-03-20T14:45:06","slug":"53-gara-nazionale-canoa-kajak","status":"publish","type":"post","link":"https:\/\/www.radioribelle.it\/index.php\/2023\/03\/21\/53-gara-nazionale-canoa-kajak\/","title":{"rendered":"53\u00b0 GARA NAZIONALE CANOA KAJAK"},"content":{"rendered":"\n<div class=\"wp-block-image\"><figure class=\"alignright size-full\"><img loading=\"lazy\" width=\"320\" height=\"213\" src=\"https:\/\/www.radioribelle.it\/wp-content\/uploads\/2023\/03\/CANOA-KAYAK-8.jpeg\" alt=\"\" class=\"wp-image-12318\" srcset=\"https:\/\/www.radioribelle.it\/wp-content\/uploads\/2023\/03\/CANOA-KAYAK-8.jpeg 320w, https:\/\/www.radioribelle.it\/wp-content\/uploads\/2023\/03\/CANOA-KAYAK-8-300x200.jpeg 300w\" sizes=\"(max-width: 320px) 100vw, 320px\" \/><\/figure><\/div>\n\n\n\n<p>Una grande manifestazione di sport\u00a0\u00a0E\u2019 andata in archivio, con un\u2019importante presenza di societ\u00e0 partecipanti provenienti dal Nord quanto dal Sud Italia, oltre ad una delegazione proveniente addirittura dalla Svizzera,\u00a0la 53\u00b0 edizione della Gara Nazionale Canoa Kayak<strong>\u00a0<\/strong>organizzata dal Canoa Club di Citt\u00e0 di Castello il week end compreso tra sabato 18 e domenica 19 marzo. \u00a0<\/p>\n\n\n\n<!--more-->\n\n\n\n<p>25 le societ\u00e0 partecipanti e circa 170 gli atleti che, a colpi di pagaia , si sono sfidati lungo le acque del fiume Tevere, nel tratto compreso tra la frazione di Piosina e Rione Prato che ospita la sede del Club tifernate dove, come da tradizione, \u00e8 previsto l\u2019arrivo degli atleti: atleti di et\u00e0 diverse, a partire da quelli pi\u00f9 piccoli di 8 anni, a quelli pi\u00f9 grandi (gli Assoluti 35 ed i Master Over 36), che hanno messo in mostra le loro capacit\u00e0 sfidandosi nelle due competizioni, la Gara\u00a0Sprint e la Classica che comprende anche la 22\u00b0 edizione della Coppa Italia Primavera e la 31\u00b0 edizione del Trofeo \u201cMaurizio Bianconi\u201d.<em>\u201cUn traguardo importante che inorgoglisce tutta la Societ\u00e0 che ogni anno, con rinnovato entusiasmo, si adopera per organizzare al meglio questa che \u00e8 la manifestazione dedicata alle giovani promesse di questo bellissimo sport\u201d.<\/em>Con queste parole\u00a0Nicola Landi,\u00a0Presidente del Canoa Club di Citt\u00e0 di Castello, ha commentato l\u2019evento che apre ufficialmente la stagione agonistica del calendario della Federazione e che per due giorni, in una cornice che almeno nella giornata di sabato \u00e8 stata anche baciata da un caldo sole primaverile, ha riacceso sulla cittadina tifernate, come ormai succede da oltre 50 anni, i riflettori e l\u2019interesse dei massimi vertici della Federazione Italiana Canoa Kajak che nel corso delle varie edizioni non hanno mancato di sottolineare l\u2019importante livello qualitativo degli atleti che partecipano all\u2019evento cittadino e che\u00a0in questa edizione ha registrato la presenza di\u00a0Vladi Carlo Panato, Direttore Tecnico federale delle Nazionali, pluricampione mondiale nella specialit\u00e0 canadese, e di\u00a0Robert Pontarollo,\u00a0responsabile della specialit\u00e0 Kajak.Per quanto concerne la Categoria Senior Maschile, primo classificato \u00e8 stato Andrea Bernardi del CUS Pavia (che ha partecipato ai Mondiali del 2022 e che far\u00e0 parte della squadra che preparer\u00e0 la Coppa del Mondo del 2023, secondo posto per Nicol\u00f2 Razeto dello Shock Wave Sport, al terzo posto invece Roberto Lonardi del Canoa Club Pescantina.Ottimi risultati anche per gli atleti di casa con\u00a0Leonardo Pierangeli\u00a0secondo classificato nella specialit\u00e0 Canadese C1 e terzo classificato nella specialit\u00e0 Cadetti K1,\u00a0Federico Pellegrini, primo classificato nella specialit\u00e0 Allievi K1,\u00a0DavideLoschi\u00a0e\u00a0Gabriele Tribbioli, secondi classificati nella specialit\u00e0 Canadese C2 Ragazzi, mentre nella specialit\u00e0 Canadese C2 Senior, terzo posto per\u00a0Edoardo Collesi\u00a0e\u00a0Damiano Mariotti. Nella Discesa Classica, primo posto per\u00a0Federico Pellegrini\u00a0nella categoria Allievi K1 e terzo posto per\u00a0Jos\u00e8 Mercati, nella Canadese C1 primo posto per\u00a0Leonardo Pierangeli, nella K1 Master secondo posto per\u00a0Roberto Rossi\u00a0mentre nella Canadese C2 primo posto per\u00a0Davide Loschi\u00a0e\u00a0Gabriele Tribbioli.<em>\u201cVoglio esprimere, a nome di tutto il nuovo Consiglio Direttivo un sentito ringraziamento a tutti quelli che hanno permesso la perfetta riuscita della manifestazione\u201d<\/em>\u00a0conclude Nicola Landi<em>. \u201cIn primis alla Federazione Italiana Canoa Kajak che ci supporta costantemente dimostrandoci vicinanza e interesse, in secondo luogo all\u2019amministrazione comunale tifernate nella persona del Sindaco Luca Secondi e degli Assessori allo Sport e al Turismo, Riccardo Carletti e Letizia Guerri che sono stati presenti alla gara, quindi alle Societ\u00e0 partecipanti che ogni anno accolgono l\u2019invito della nostra associazione e partecipano numerosi all\u2019evento, infine a tutta la comunit\u00e0 locale che oggi come nelle passate edizioni, affolla numerosa le sponde del fiume Tevere per assistere all&#8217;evento, dimostrando un senso di integrazione importante con i nostri atleti e con quelli delle altre societ\u00e0\u201d.\u00a0\u00a0 Sindaco Secondi ed assessori Carletti e Guerri hanno definito la \u201cdue giorni\u201d canoistica come il pi\u00f9 importante evento a livello nazionale di questo sport che ha segnato la ripresa di un settore storico dello sport tifernate che ha dato in passato campioni mondiali a ripetizione: bravi a tutti coloro che hanno organizzato nei minimi dettagli la manifestazione\u201d.<\/em><br>TECNICI<br>Massimo Spelli &#8211; Alberto Cavargini &#8211; Giulio Ventanni<br>DIRETTORE SPORTIVO<br>Carlo Mercati<br>ATLETI SQUADRA 2023<br>Jos\u00e8 Mercati &#8211; Leonardo Pierangeli &#8211; Fedrico Pellegrini &#8211; Riccardo Marcangeli &#8211; Davide Loschi &#8211; Gabriele Tribbioli &#8211; Edoardo Collesi &#8211; Damiano Mariottti &#8211; Vittorio Guerri &#8211; Raffaele Ronti &#8211; Luca Biagini &#8211; Roberto Rossi\u00a0\u00a0<\/p>\n","protected":false},"excerpt":{"rendered":"<p>Una grande manifestazione di sport\u00a0\u00a0E\u2019 andata in archivio, con un\u2019importante presenza di societ\u00e0 partecipanti provenienti dal Nord quanto dal Sud Italia, oltre ad una delegazione proveniente addirittura dalla Svizzera,\u00a0la 53\u00b0 edizione della Gara Nazionale Canoa Kayak\u00a0organizzata dal Canoa Club di Citt\u00e0 di Castello il week end compreso tra sabato 18 e domenica 19 marzo. \u00a0<\/p>\n","protected":false},"author":1,"featured_media":0,"comment_status":"open","ping_status":"open","sticky":false,"template":"","format":"standard","meta":{"_joinchat":[]},"categories":[1],"tags":[],"_links":{"self":[{"href":"https:\/\/www.radioribelle.it\/index.php\/wp-json\/wp\/v2\/posts\/12317"}],"collection":[{"href":"https:\/\/www.radioribelle.it\/index.php\/wp-json\/wp\/v2\/posts"}],"about":[{"href":"https:\/\/www.radioribelle.it\/index.php\/wp-json\/wp\/v2\/types\/post"}],"author":[{"embeddable":true,"href":"https:\/\/www.radioribelle.it\/index.php\/wp-json\/wp\/v2\/users\/1"}],"replies":[{"embeddable":true,"href":"https:\/\/www.radioribelle.it\/index.php\/wp-json\/wp\/v2\/comments?post=12317"}],"version-history":[{"count":1,"href":"https:\/\/www.radioribelle.it\/index.php\/wp-json\/wp\/v2\/posts\/12317\/revisions"}],"predecessor-version":[{"id":12319,"href":"https:\/\/www.radioribelle.it\/index.php\/wp-json\/wp\/v2\/posts\/12317\/revisions\/12319"}],"wp:attachment":[{"href":"https:\/\/www.radioribelle.it\/index.php\/wp-json\/wp\/v2\/media?parent=12317"}],"wp:term":[{"taxonomy":"category","embeddable":true,"href":"https:\/\/www.radioribelle.it\/index.php\/wp-json\/wp\/v2\/categories?post=12317"},{"taxonomy":"post_tag","embeddable":true,"href":"https:\/\/www.radioribelle.it\/index.php\/wp-json\/wp\/v2\/tags?post=12317"}],"curies":[{"name":"wp","href":"https:\/\/api.w.org\/{rel}","templated":true}]}}