{"id":12401,"date":"2023-03-22T14:23:00","date_gmt":"2023-03-22T13:23:00","guid":{"rendered":"https:\/\/www.radioribelle.it\/?p=12401"},"modified":"2023-03-22T13:15:25","modified_gmt":"2023-03-22T12:15:25","slug":"la-tripletta-delle-balene","status":"publish","type":"post","link":"https:\/\/www.radioribelle.it\/index.php\/2023\/03\/22\/la-tripletta-delle-balene\/","title":{"rendered":"La tripletta delle Balene"},"content":{"rendered":"\n<div class=\"wp-block-image\"><figure class=\"alignleft size-large is-resized\"><img loading=\"lazy\" src=\"https:\/\/www.radioribelle.it\/wp-content\/uploads\/2023\/03\/Francesco-Forni-1024x682.jpg\" alt=\"\" class=\"wp-image-12402\" width=\"228\" height=\"152\" srcset=\"https:\/\/www.radioribelle.it\/wp-content\/uploads\/2023\/03\/Francesco-Forni-1024x682.jpg 1024w, https:\/\/www.radioribelle.it\/wp-content\/uploads\/2023\/03\/Francesco-Forni-300x200.jpg 300w, https:\/\/www.radioribelle.it\/wp-content\/uploads\/2023\/03\/Francesco-Forni-768x511.jpg 768w, https:\/\/www.radioribelle.it\/wp-content\/uploads\/2023\/03\/Francesco-Forni-1536x1022.jpg 1536w, https:\/\/www.radioribelle.it\/wp-content\/uploads\/2023\/03\/Francesco-Forni-619x412.jpg 619w, https:\/\/www.radioribelle.it\/wp-content\/uploads\/2023\/03\/Francesco-Forni.jpg 1600w\" sizes=\"(max-width: 228px) 100vw, 228px\" \/><\/figure><\/div>\n\n\n\n<p>ROSIGNANO SOLVAY &#8211; Gioved\u00ec 23 marzo, venerd\u00ec 24 e domenica 26 a Rosignano Solvay e Livorno Questa settimana l\u2019Associazione il Canto della Balena si fa in tre proponendo altri tre appuntamenti con la musica di qualit\u00e0: gioved\u00ec sera Francesco Forni, venerd\u00ec Ares Tavolazzi in trio e domenica Jacopo Martini duo.<\/p>\n\n\n\n<!--more-->\n\n\n\n<p>Si comincia con l\u2019ormai consueto appuntamento con <em>I gioved\u00ec della Balena<\/em> a partire dalle 21,30 al Land\u2019ho bistrot con Francesco Forni, musicista con alle spalle una carriera longeva e ricca di produzioni, che spaziano dalla composizione di colonne sonore per teatro e cinema (<em>Le conseguenze dell\u2019amore<\/em>, <em>Gatta Cenerentola<\/em>, <em>L\u2019arte della felicit\u00e0<\/em>\u2026) ad una copiosa discografia in cui figura in diversi ruoli, chitarrista, compositore, produttore e cantautore. Sul palco del Land\u2019ho Bistrot, Forni proporr\u00e0 un concerto IN SOLO: chitarra e voce, in occasione dell\u2019uscita di \u201cQuanno tu rire\u201d ultima parentesi in napoletano aperta dall\u2019uscita del disco \u201cUna sceneggiata\u201d uscito ad aprile 2022 per Soundfly. Venerd\u00ec 24 marzo l\u2019associazione torna al Megik Cult di Livorno per l\u2019appuntamento fisso \u201cuna notte da Balene, il venerd\u00ec al Megik Cult\u201d inizio alle ore 22.00 con Ares Tavolazzi in trio, accompagnato dal pianista Piero Frassi e dal batterista Bernardo Guerra. Tre musicisti di fama internazionale, a partire da Ares Tavolazzi, uno dei pi\u00f9 stimati e conosciuti musicisti Italiani, tra i fondatori dello storico gruppo degli Area e collaboratore di formazioni e musicisti quali: PFM, Francesco Guccini, Paolo Conte, Mina, Eugenio Finardi e molti altri.Al piano Piero Frassi, noto al grande pubblico per le collaborazioni con Andrea Bocelli e Karima e alla batteria Bernardo Guerra, virtuoso della batteria che vanta collaborazioni con i pi\u00f9 grandi nomi del jazz italiano e internazionale come: Fabrizio Bosso, Alessandro Lanzoni, Gabriele Evangelista, Enrico Rava, Stefano Bollani e molti altri. Conduce la serata il comico livornese Giovanni Bondi, noto al grande pubblico per la sua partecipazione a Zelig, Sky commedy, Radio DJ e alla trasmissione L\u2019Ottovolante di Rai radio due.Domenica 26 marzo l\u2019associazione torna a Rosignano per il consueto appuntamento \u201cle Balene in jazz #ilcantodipinto\u201d ore 18,30 Land\u2019ho bistrot per un aperitivo vista tramonto. La rassegna vede l\u2019esposizione delle opere di Claudio Calvetti \u201cil pittore dei jazzisti\u201d, che sono il filo conduttore dei concerti. Le varie formazioni si alternano dando vita ai soggetti dei quadri. Questa domenica l\u2019evento \u00e8 dedicato a Django Reinhardt e a musicare le opere di Calvetti un\u2019eccellenza del genere manouche, Jacopo Martini, accompagnato da Sergio Aloisio Rizzo.<\/p>\n","protected":false},"excerpt":{"rendered":"<p>ROSIGNANO SOLVAY &#8211; Gioved\u00ec 23 marzo, venerd\u00ec 24 e domenica 26 a Rosignano Solvay e Livorno Questa settimana l\u2019Associazione il Canto della Balena si fa in tre proponendo altri tre appuntamenti con la musica di qualit\u00e0: gioved\u00ec sera Francesco Forni, venerd\u00ec Ares Tavolazzi in trio e domenica Jacopo Martini duo.<\/p>\n","protected":false},"author":1,"featured_media":0,"comment_status":"open","ping_status":"open","sticky":false,"template":"","format":"standard","meta":{"_joinchat":[]},"categories":[1],"tags":[],"_links":{"self":[{"href":"https:\/\/www.radioribelle.it\/index.php\/wp-json\/wp\/v2\/posts\/12401"}],"collection":[{"href":"https:\/\/www.radioribelle.it\/index.php\/wp-json\/wp\/v2\/posts"}],"about":[{"href":"https:\/\/www.radioribelle.it\/index.php\/wp-json\/wp\/v2\/types\/post"}],"author":[{"embeddable":true,"href":"https:\/\/www.radioribelle.it\/index.php\/wp-json\/wp\/v2\/users\/1"}],"replies":[{"embeddable":true,"href":"https:\/\/www.radioribelle.it\/index.php\/wp-json\/wp\/v2\/comments?post=12401"}],"version-history":[{"count":1,"href":"https:\/\/www.radioribelle.it\/index.php\/wp-json\/wp\/v2\/posts\/12401\/revisions"}],"predecessor-version":[{"id":12403,"href":"https:\/\/www.radioribelle.it\/index.php\/wp-json\/wp\/v2\/posts\/12401\/revisions\/12403"}],"wp:attachment":[{"href":"https:\/\/www.radioribelle.it\/index.php\/wp-json\/wp\/v2\/media?parent=12401"}],"wp:term":[{"taxonomy":"category","embeddable":true,"href":"https:\/\/www.radioribelle.it\/index.php\/wp-json\/wp\/v2\/categories?post=12401"},{"taxonomy":"post_tag","embeddable":true,"href":"https:\/\/www.radioribelle.it\/index.php\/wp-json\/wp\/v2\/tags?post=12401"}],"curies":[{"name":"wp","href":"https:\/\/api.w.org\/{rel}","templated":true}]}}