{"id":12478,"date":"2023-03-24T07:32:00","date_gmt":"2023-03-24T06:32:00","guid":{"rendered":"https:\/\/www.radioribelle.it\/?p=12478"},"modified":"2023-03-24T15:08:13","modified_gmt":"2023-03-24T14:08:13","slug":"comitato-emergenza-lupo-arezzo","status":"publish","type":"post","link":"https:\/\/www.radioribelle.it\/index.php\/2023\/03\/24\/comitato-emergenza-lupo-arezzo\/","title":{"rendered":"Comitato \u201cEmergenza lupo \u2013 Arezzo\u201d"},"content":{"rendered":"\n<div class=\"wp-block-image\"><figure class=\"aligncenter size-full is-resized\"><img loading=\"lazy\" src=\"https:\/\/www.radioribelle.it\/wp-content\/uploads\/2023\/03\/IMG-20230203-WA0019.jpg\" alt=\"\" class=\"wp-image-12479\" width=\"767\" height=\"511\" srcset=\"https:\/\/www.radioribelle.it\/wp-content\/uploads\/2023\/03\/IMG-20230203-WA0019.jpg 1024w, https:\/\/www.radioribelle.it\/wp-content\/uploads\/2023\/03\/IMG-20230203-WA0019-300x200.jpg 300w, https:\/\/www.radioribelle.it\/wp-content\/uploads\/2023\/03\/IMG-20230203-WA0019-768x512.jpg 768w, https:\/\/www.radioribelle.it\/wp-content\/uploads\/2023\/03\/IMG-20230203-WA0019-619x413.jpg 619w\" sizes=\"(max-width: 767px) 100vw, 767px\" \/><\/figure><\/div>\n\n\n\n<p>AREZZO &#8211; INCONTRO CON LA CITTADINANZA Il Comitato \u201cEmergenza lupo \u2013 Arezzo\u201d intende presentare alla cittadinanza i risultati ottenuti e le attivit\u00e0 svolte in questi 2 mesi di intenso lavoro, per questo ha organizzato un incontro aperto al pubblico il giorno  31 marzo 2023 alle ore 21.15, presso la sala parrocchiale della Chiesa dei Santi Quirico e Giulitta in localit\u00e0 Rigutino \u2013 Arezzo (AR)<\/p>\n\n\n\n<!--more-->\n\n\n\n<p>In questo incontro verranno affrontate le tematiche e le problematiche connesse all\u2019invasione della specie<br>Canis lupus nel nostro territorio, parleremo anche di cause e di possibili soluzioni.<br>Presenteremo, tra gli altri, degli interventi e contributi di:<\/p>\n\n\n\n<ul><li>On. Tiziana Nisini (Deputata Parlamento Italiano)<\/li><li>On. Sergio Berlato (europarlamentare e Presidente dell\u2019Associazione per la Cultura Rurale) in<br>collegamento video<\/li><li>On. Pietro Fiocchi (europarlamentare) in collegamento video<\/li><li>Marco Casucci (Vice Presidente del Consiglio Regionale della Toscana)<\/li><li>Mauro Deidier (ex Presidente del Parco delle Alpi Cozie)in collegamento video<\/li><li>Iacopo Piantini (Presidente ENALCACCIA per la provincia di Arezzo)<\/li><li>Gaetano Riviello (Dottore di ricerca faunistica e operatore della European Predation Map)<br>Nell\u2019occasione esporremo anche testimonianze di chi vive questa invasione senza i paraocchi del<br>dogmatismo ideologico.<br>\u00c8 importante la partecipazione di tutti quelli che potranno intervenire, soprattutto nel momento in cui la Commissione Europea ha stanziato altri fondi per un progetto finalizzato al consolidamento dellapopolazione di lupi nelle aree antropizzate italiane, con un budget di oltre i 7 milioni di euro, e tuttoquesto nella nazione che ha pi\u00f9 lupi di tutto il resto d\u2019Europa.<br>Il documento della Commissione Europea che stanzia questi fondi all\u2019associazione presieduta da LuigiBoitani \u00e8 allegato al presente comunicato stampa.<br>L\u2019opposizione a questa gestione folle e scellerata \u00e8 un imperativo morale, tenuto conto anche del fatto che la regione Toscana \u00e8 il territorio che ha pi\u00f9 lupi in Italia e che pertanto siamo solo all\u2019inizio dei problemi.Invitiamo ad assistere anche quei sindaci della nostra provincia, particolarmente silenti e dormienti, perch\u00e9 prendano contezza del fatto che la gente \u00e8 legittimamente indignata e preoccupata, che il \u201cproblema lupo\u201dsussiste e che i primi cittadini non possono autoassolversi limitandosi a fare copia\/incolla sui siti dei Comuni di inutili pratiche da adottare nel caso (sempre pi\u00f9 frequente) di incontri o aggressioni da parte di questi infestanti predatori, che da decenni non sono assolutamente a rischio di estinzione.<\/li><\/ul>\n\n\n\n<p>La cittadinanza deve far sentire la propria voce!<\/p>\n","protected":false},"excerpt":{"rendered":"<p>AREZZO &#8211; INCONTRO CON LA CITTADINANZA Il Comitato \u201cEmergenza lupo \u2013 Arezzo\u201d intende presentare alla cittadinanza i risultati ottenuti e le attivit\u00e0 svolte in questi 2 mesi di intenso lavoro, per questo ha organizzato un incontro aperto al pubblico il giorno 31 marzo 2023 alle ore 21.15, presso la sala parrocchiale della Chiesa dei Santi [&hellip;]<\/p>\n","protected":false},"author":1,"featured_media":0,"comment_status":"open","ping_status":"open","sticky":false,"template":"","format":"standard","meta":{"_joinchat":[]},"categories":[1],"tags":[],"_links":{"self":[{"href":"https:\/\/www.radioribelle.it\/index.php\/wp-json\/wp\/v2\/posts\/12478"}],"collection":[{"href":"https:\/\/www.radioribelle.it\/index.php\/wp-json\/wp\/v2\/posts"}],"about":[{"href":"https:\/\/www.radioribelle.it\/index.php\/wp-json\/wp\/v2\/types\/post"}],"author":[{"embeddable":true,"href":"https:\/\/www.radioribelle.it\/index.php\/wp-json\/wp\/v2\/users\/1"}],"replies":[{"embeddable":true,"href":"https:\/\/www.radioribelle.it\/index.php\/wp-json\/wp\/v2\/comments?post=12478"}],"version-history":[{"count":1,"href":"https:\/\/www.radioribelle.it\/index.php\/wp-json\/wp\/v2\/posts\/12478\/revisions"}],"predecessor-version":[{"id":12480,"href":"https:\/\/www.radioribelle.it\/index.php\/wp-json\/wp\/v2\/posts\/12478\/revisions\/12480"}],"wp:attachment":[{"href":"https:\/\/www.radioribelle.it\/index.php\/wp-json\/wp\/v2\/media?parent=12478"}],"wp:term":[{"taxonomy":"category","embeddable":true,"href":"https:\/\/www.radioribelle.it\/index.php\/wp-json\/wp\/v2\/categories?post=12478"},{"taxonomy":"post_tag","embeddable":true,"href":"https:\/\/www.radioribelle.it\/index.php\/wp-json\/wp\/v2\/tags?post=12478"}],"curies":[{"name":"wp","href":"https:\/\/api.w.org\/{rel}","templated":true}]}}