{"id":12669,"date":"2023-03-29T09:27:00","date_gmt":"2023-03-29T07:27:00","guid":{"rendered":"https:\/\/www.radioribelle.it\/?p=12669"},"modified":"2023-03-28T19:59:47","modified_gmt":"2023-03-28T17:59:47","slug":"invito-di-sosta-xv-edizione-2","status":"publish","type":"post","link":"https:\/\/www.radioribelle.it\/index.php\/2023\/03\/29\/invito-di-sosta-xv-edizione-2\/","title":{"rendered":"INVITO DI SOSTA | XV edizione"},"content":{"rendered":"\n<div class=\"wp-block-image\"><figure class=\"alignleft size-large is-resized\"><img loading=\"lazy\" src=\"https:\/\/www.radioribelle.it\/wp-content\/uploads\/2023\/03\/Komoco_IMA-0059-1024x682.jpeg\" alt=\"\" class=\"wp-image-12670\" width=\"267\" height=\"178\" srcset=\"https:\/\/www.radioribelle.it\/wp-content\/uploads\/2023\/03\/Komoco_IMA-0059-1024x682.jpeg 1024w, https:\/\/www.radioribelle.it\/wp-content\/uploads\/2023\/03\/Komoco_IMA-0059-300x200.jpeg 300w, https:\/\/www.radioribelle.it\/wp-content\/uploads\/2023\/03\/Komoco_IMA-0059-768x512.jpeg 768w, https:\/\/www.radioribelle.it\/wp-content\/uploads\/2023\/03\/Komoco_IMA-0059-619x413.jpeg 619w, https:\/\/www.radioribelle.it\/wp-content\/uploads\/2023\/03\/Komoco_IMA-0059.jpeg 1280w\" sizes=\"(max-width: 267px) 100vw, 267px\" \/><\/figure><\/div>\n\n\n\n<p>AREZZO &#8211;  <em>Spettacolo di chiusura della rassegna<\/em> IMA di Sofia Nappi \/ Komoco Venerd\u00ec 31 marzo, ore 21:00 Teatro Petrarca, Arezzo  <em>Dopo il tour in Messico, Austria e la prima nazionale a Modena, arriva ad Arezzo con una doppia replica al Teatro Petrarca l\u2019acclamato quintetto IMA della coreografa Sofia Nappi<\/em><\/p>\n\n\n\n<!--more-->\n\n\n\n<p>L\u2019ultimo appuntamento della rassegna Invito di Sosta \u2013 danza contemporanea d\u2019autore vedr\u00e0 un importante spettacolo in scena al Teatro Petrarca: grazie alla sinergia tra Sosta Palmizi, Fondazione Toscana Spettacolo, Comune di Arezzo e Fondazione Guido d\u2019Arezzo, venerd\u00ec 31 marzo alle 21:00 verr\u00e0 presentato ad Arezzo lo spettacolo IMA della coreografa e danzatrice internazionale Sofia Nappi e interpretato dai cinque danzatori e danzatrici della compagnia Komoco. Lo spettacolo sar\u00e0 inoltre in replica matin\u00e9e a chiusura della rassegna <em>Altre Danze_portiamo i ragazzi a teatro! <\/em>lo stesso venerd\u00ec 31 alle 10:00 per le scuole del territorio.<\/p>\n\n\n\n<p>IMA \u00e8 il primo spettacolo a serata intera della coreografa Nappi con la sua compagnia Komoco. Una prima versione ridotta \u00e8 stata presentata alla XIV edizione della Biennale di Venezia su commissione della direttrice Marie Chouinard, mentre ha debuttato nella sua forma completa a luglio 2022 a Stoccarda all\u2019interno del prestigioso COLOURS International dance festival. \u201cIma\u201d, termine giapponese che indica \u201cil momento presente\u201d, in aramaico ed ebraico ha anche il significato di \u201cmadre\u201d, nella sua accezione di rinascita e rinnovamento. Nato durante il periodo di distanziamento sociale, IMA coinvolge lo spettatore in un vortice di poesia in movimento, celebrando il ricongiungimento con l\u2019altro. I cinque interpreti salgono sul palco indossando maschere da anziani e procedono a ritroso nel tempo fino a ritrovarsi giovani, trasmettendo con armonia e leggerezza la necessit\u00e0 di ritrovare un rapporto col proprio corpo, di riscoprirlo vivo e capace di provare emozioni. Storie personali e collettive si intrecciano cos\u00ec in una danza che \u00e8 interconnessione universale. Lo spettacolo \u00e8 una coproduzione Sosta Palmizi, con Biennale di Venezia, COLOURS International dance festival (Stoccarda) e Centro Coroegrafico Canal (Madrid). Al termine dello spettacolo \u00e8 previsto uno spazio libero di incontro fra gli artisti e il pubblico. Lo spettacolo sar\u00e0 seguito, sabato 1\u00b0 aprile, dalla masterclass aperta a tutta la cittadinanza e tenuta da Paolo Piancastelli e Adriano Popolo Rubbio della compagnia Komoco. Nella mattinata di sabato gli studenti e le studentesse del Liceo Coreutico Piero della Francesca, incontreranno i due artisti per una lezione pratica e di avvicinamento alla poetica della compagnia Komoco. <a>BIO ARTISTI<\/a> &#8211; Sofia Nappi, coreografa e danzatrice professionista, si diploma all\u2019Alvin Ailey American Dance Theater a New York per poi approfondire gli studi con Hofesh Shechter e a Tel Aviv, dove sta conseguendo la certificazione come insegnante di tecnica Gaga, linguaggio del celebre coreografo Ohad Naharin. Interprete di lavori firmati da artisti di fama internazionale, ha svolto la sua attivit\u00e0 di coreografa, danzatrice e formatrice dentro e fuori i confini europei, partecipando a prestigiosi festival e piattaforme, tra cui: La Biennale Danza di Venezia, The Albania Meeting Dance Festival, RomaEuropa, MASDANZA. Come coreografa indipendente crea importanti produzioni per compagnie internazionali come National Theatre Mannheim, Staatsoper Hannover, Scottish National Ballet, Introdans e Nederlands Dans Theater 2. \u00c8 direttrice artistica e co-fondatrice del progetto KOMOCO e artista associata Sosta Palmizi.<\/p>\n\n\n\n<p>Associazione Sosta Palmizi 0575 630678 \/ 393 9913550 <\/p>\n","protected":false},"excerpt":{"rendered":"<p>AREZZO &#8211; Spettacolo di chiusura della rassegna IMA di Sofia Nappi \/ Komoco Venerd\u00ec 31 marzo, ore 21:00 Teatro Petrarca, Arezzo Dopo il tour in Messico, Austria e la prima nazionale a Modena, arriva ad Arezzo con una doppia replica al Teatro Petrarca l\u2019acclamato quintetto IMA della coreografa Sofia Nappi<\/p>\n","protected":false},"author":1,"featured_media":0,"comment_status":"open","ping_status":"open","sticky":false,"template":"","format":"standard","meta":{"_joinchat":[]},"categories":[1],"tags":[],"_links":{"self":[{"href":"https:\/\/www.radioribelle.it\/index.php\/wp-json\/wp\/v2\/posts\/12669"}],"collection":[{"href":"https:\/\/www.radioribelle.it\/index.php\/wp-json\/wp\/v2\/posts"}],"about":[{"href":"https:\/\/www.radioribelle.it\/index.php\/wp-json\/wp\/v2\/types\/post"}],"author":[{"embeddable":true,"href":"https:\/\/www.radioribelle.it\/index.php\/wp-json\/wp\/v2\/users\/1"}],"replies":[{"embeddable":true,"href":"https:\/\/www.radioribelle.it\/index.php\/wp-json\/wp\/v2\/comments?post=12669"}],"version-history":[{"count":1,"href":"https:\/\/www.radioribelle.it\/index.php\/wp-json\/wp\/v2\/posts\/12669\/revisions"}],"predecessor-version":[{"id":12671,"href":"https:\/\/www.radioribelle.it\/index.php\/wp-json\/wp\/v2\/posts\/12669\/revisions\/12671"}],"wp:attachment":[{"href":"https:\/\/www.radioribelle.it\/index.php\/wp-json\/wp\/v2\/media?parent=12669"}],"wp:term":[{"taxonomy":"category","embeddable":true,"href":"https:\/\/www.radioribelle.it\/index.php\/wp-json\/wp\/v2\/categories?post=12669"},{"taxonomy":"post_tag","embeddable":true,"href":"https:\/\/www.radioribelle.it\/index.php\/wp-json\/wp\/v2\/tags?post=12669"}],"curies":[{"name":"wp","href":"https:\/\/api.w.org\/{rel}","templated":true}]}}