{"id":13162,"date":"2023-04-12T16:25:00","date_gmt":"2023-04-12T14:25:00","guid":{"rendered":"https:\/\/www.radioribelle.it\/?p=13162"},"modified":"2023-04-13T14:07:33","modified_gmt":"2023-04-13T12:07:33","slug":"porta-santandrea-sabato-15-aprile-al-via-la-nana-bike","status":"publish","type":"post","link":"https:\/\/www.radioribelle.it\/index.php\/2023\/04\/12\/porta-santandrea-sabato-15-aprile-al-via-la-nana-bike\/","title":{"rendered":"PORTA SANT\u2019ANDREA, SABATO 15 APRILE AL VIA LA \u201cNANA BIKE\u201d"},"content":{"rendered":"\n<div class=\"wp-block-image\"><figure class=\"aligncenter size-large is-resized\"><img loading=\"lazy\" src=\"https:\/\/www.radioribelle.it\/wp-content\/uploads\/2023\/04\/1-724x1024.jpg\" alt=\"\" class=\"wp-image-13163\" width=\"340\" height=\"480\" srcset=\"https:\/\/www.radioribelle.it\/wp-content\/uploads\/2023\/04\/1-724x1024.jpg 724w, https:\/\/www.radioribelle.it\/wp-content\/uploads\/2023\/04\/1-212x300.jpg 212w, https:\/\/www.radioribelle.it\/wp-content\/uploads\/2023\/04\/1-768x1086.jpg 768w, https:\/\/www.radioribelle.it\/wp-content\/uploads\/2023\/04\/1-619x875.jpg 619w, https:\/\/www.radioribelle.it\/wp-content\/uploads\/2023\/04\/1.jpg 1080w\" sizes=\"(max-width: 340px) 100vw, 340px\" \/><\/figure><\/div>\n\n\n\n<p>AREZZO &#8211;  Tutto pronto per la seconda edizione della\u00a0Nana Bike 2023, la ciclo-pedalata in stile gravel organizzata dal quartiere di\u00a0Porta Sant\u2019Andrea\u00a0in programma\u00a0sabato 15 aprile. Quest\u2019anno sar\u00e0 possibile scegliere due tipi di percorso:\u00a0il lungo, circa 80km con un dislivello di circa 800m, e il\u00a0corto\u00a0di circa 40km con un dislivello di circa 300m, entrambi con il 60% di terreno sterrato.<\/p>\n\n\n\n<!--more-->\n\n\n\n<p>La manifestazione si svolger\u00e0 nel pieno della filosofia\u00a0gravel, sostantivo che in italiano sta per \u201cghiaia\u201d o \u201cterriccio\u201d, e si dipaner\u00e0 tra sterrati, argini, single track, strade secondarie, ciclabili, strade di campagna e centri urbani attraverso vie sperdute con l&#8217;idea di promuovere il territorio aretino con lo spirito del cicloturismo sostenibile, dove ognuno con la propria andatura pu\u00f2 gustarsi e assaporare ci\u00f2 che lo circonda. La partenza ufficiale sar\u00e0 da\u00a0piazza San Giusto alle 8.30\u00a0con metodo \u201calla francese\u201d (che significa a gruppetti pi\u00f9 o meno scaglionati) e il costo d&#8217;iscrizione sar\u00e0 di \u20ac 25,00 per il lungo e \u20ac 20,00 per il corto fino al 13 aprile, poi la quota verr\u00e0 maggiorata. Anche l\u2019arrivo sar\u00e0 davanti alla sede del Quartiere di Porta Sant\u2019Andrea. Durante il percorso si potr\u00e0 godere della bellezza di\u00a0ponte Buriano, costruzione romanica che attraversa il fiume Arno, degli\u00a0oliveti\u00a0e delle vigne delle\u00a0tenute del Borro e Setteponti\u00a0fino ad attraversare lo splendido borgo medievale\u00a0Laterina. A met\u00e0 percorso (solo percorso lungo), una breve e ripida salita porter\u00e0 alla\u00a0\u201cBig Bench\u201d di Castiglion Fibocchi\u00a0(grande panchina gialla) dove si potr\u00e0 godere di una vista mozza fiato sulla valle dell&#8217;Arno. Al rientro verso la citt\u00e0 si passer\u00e0 accanto all&#8217;acquedotto Vasariano\u00a0e alla splendida\u00a0Villa Severi. Durante lo svolgimento della pedalata dovr\u00e0 essere rispettato il codice della strada e i partecipanti saranno tenuti all\u2019uso obbligatorio del casco rigido.<\/p>\n\n\n\n<p>Per maggiori info contattare i seguenti numeri: 320 6297974 \u2013 328 733 1786 \u2013 339 300 4215 o inviare una email all\u2019indirizzo&nbsp;<a href=\"javascript:webmail.View.mailto({mailto:'eventi@biancoverde1932.it', subject: ''})\">eventi@biancoverde1932.it<\/a>. Per l\u2019iscrizione on line, il programma completo e i regolamenti cliccare su:&nbsp;<a href=\"http:\/\/www.nanabike.it\/\" target=\"_blank\" rel=\"noreferrer noopener\">www.nanabike.it<\/a>&nbsp;e&nbsp;<a href=\"https:\/\/www.endu.net\/it\/events\/nana-bike\/\" target=\"_blank\" rel=\"noreferrer noopener\">https:\/\/www.endu.net\/it\/events\/nana-bike\/<\/a>.<\/p>\n\n\n\n<p>L\u2019evento si concluder\u00e0 la sera stessa con una\u00a0cena a base di &#8220;nana&#8221;, l&#8217;anatra arrosto, il piatto della cucina aretina per eccellenza, organizzata dal Quartiere di Porta Sant&#8217;Andrea nella sala d\u2019Armi (prenotazione al 366 386 7800).<\/p>\n\n\n\n<p>PROGRAMMA<\/p>\n\n\n\n<p>\u00a7&nbsp;&nbsp;Ritrovo ore 7.45 presso la corte del Museo del Quartiere di Porta Sant\u2019 Andrea in Piazza San Giusto<\/p>\n\n\n\n<p>\u00a7&nbsp;&nbsp;Consegna pettorali dalle ore 7.45 alle ore 8.30<\/p>\n\n\n\n<p>\u00a7&nbsp;&nbsp;Partenza Nana Bike (percorsi Lungo e Corto) dalle ore 8.30 alle ore 9.00 \u201cAlla Francese\u201d<\/p>\n\n\n\n<p>\u00a7&nbsp;&nbsp;Ristoro presso Big Bench di Castiglion Fibocchi dalle ore 11.00 circa (solo percorso LUNGO)<\/p>\n\n\n\n<p>\u00a7&nbsp;&nbsp;Pasta party dalle ore 13.00 alle ore 14.30<\/p>\n\n\n\n<p>\u00a7&nbsp;&nbsp;Docce disponibili dalle ore 12.30 alle ore 14.30&nbsp;<\/p>\n","protected":false},"excerpt":{"rendered":"<p>AREZZO &#8211; Tutto pronto per la seconda edizione della\u00a0Nana Bike 2023, la ciclo-pedalata in stile gravel organizzata dal quartiere di\u00a0Porta Sant\u2019Andrea\u00a0in programma\u00a0sabato 15 aprile. Quest\u2019anno sar\u00e0 possibile scegliere due tipi di percorso:\u00a0il lungo, circa 80km con un dislivello di circa 800m, e il\u00a0corto\u00a0di circa 40km con un dislivello di circa 300m, entrambi con il 60% [&hellip;]<\/p>\n","protected":false},"author":1,"featured_media":0,"comment_status":"open","ping_status":"open","sticky":false,"template":"","format":"standard","meta":{"_joinchat":[]},"categories":[1],"tags":[],"_links":{"self":[{"href":"https:\/\/www.radioribelle.it\/index.php\/wp-json\/wp\/v2\/posts\/13162"}],"collection":[{"href":"https:\/\/www.radioribelle.it\/index.php\/wp-json\/wp\/v2\/posts"}],"about":[{"href":"https:\/\/www.radioribelle.it\/index.php\/wp-json\/wp\/v2\/types\/post"}],"author":[{"embeddable":true,"href":"https:\/\/www.radioribelle.it\/index.php\/wp-json\/wp\/v2\/users\/1"}],"replies":[{"embeddable":true,"href":"https:\/\/www.radioribelle.it\/index.php\/wp-json\/wp\/v2\/comments?post=13162"}],"version-history":[{"count":2,"href":"https:\/\/www.radioribelle.it\/index.php\/wp-json\/wp\/v2\/posts\/13162\/revisions"}],"predecessor-version":[{"id":13165,"href":"https:\/\/www.radioribelle.it\/index.php\/wp-json\/wp\/v2\/posts\/13162\/revisions\/13165"}],"wp:attachment":[{"href":"https:\/\/www.radioribelle.it\/index.php\/wp-json\/wp\/v2\/media?parent=13162"}],"wp:term":[{"taxonomy":"category","embeddable":true,"href":"https:\/\/www.radioribelle.it\/index.php\/wp-json\/wp\/v2\/categories?post=13162"},{"taxonomy":"post_tag","embeddable":true,"href":"https:\/\/www.radioribelle.it\/index.php\/wp-json\/wp\/v2\/tags?post=13162"}],"curies":[{"name":"wp","href":"https:\/\/api.w.org\/{rel}","templated":true}]}}