{"id":13274,"date":"2023-04-15T11:33:00","date_gmt":"2023-04-15T09:33:00","guid":{"rendered":"https:\/\/www.radioribelle.it\/?p=13274"},"modified":"2023-04-14T13:20:05","modified_gmt":"2023-04-14T11:20:05","slug":"centro-storico-di-citta-di-castello-con-retro","status":"publish","type":"post","link":"https:\/\/www.radioribelle.it\/index.php\/2023\/04\/15\/centro-storico-di-citta-di-castello-con-retro\/","title":{"rendered":"Centro storico di Citt\u00e0 di Castello con Retr\u00f2"},"content":{"rendered":"\n<div class=\"wp-block-image\"><figure class=\"alignright size-large is-resized\"><img loading=\"lazy\" src=\"https:\/\/www.radioribelle.it\/wp-content\/uploads\/2023\/04\/Retro-768x1024.jpg\" alt=\"\" class=\"wp-image-13275\" width=\"175\" height=\"233\" srcset=\"https:\/\/www.radioribelle.it\/wp-content\/uploads\/2023\/04\/Retro-768x1024.jpg 768w, https:\/\/www.radioribelle.it\/wp-content\/uploads\/2023\/04\/Retro-225x300.jpg 225w, https:\/\/www.radioribelle.it\/wp-content\/uploads\/2023\/04\/Retro-1152x1536.jpg 1152w, https:\/\/www.radioribelle.it\/wp-content\/uploads\/2023\/04\/Retro-619x825.jpg 619w, https:\/\/www.radioribelle.it\/wp-content\/uploads\/2023\/04\/Retro.jpg 1200w\" sizes=\"(max-width: 175px) 100vw, 175px\" \/><\/figure><\/div>\n\n\n\n<p><u>D<\/u>omenica 16 aprile appuntamento nel centro storico di Citt\u00e0 di Castello con Retr\u00f2 e la corsa di orientamento \u201cQua e l\u00e0 per\u2026i borghi nel cuore d\u2019Italia\u201d\u00a0\u00a0La stagione dei grandi eventi della primavera e dell\u2019estate a Citt\u00e0 di Castello si apre domenica 16 aprile con una giornata dedicata alla passeggiata per le vie e le piazze del centro storico di Citt\u00e0 di Castello<\/p>\n\n\n\n<!--more-->\n\n\n\n<p> dove i cultori dell\u2019oggettistica d\u2019epoca si daranno appuntamento per un giro tra le bancarelle di Retr\u00f2, mentre gli sportivi iscritti alla manifestazione di orienteering \u201cQua e l\u00e0 per\u2026i borghi nel cuore d\u2019Italia\u201d sfideranno il cronometro tra i palazzi e i monumenti principali abbracciati dalle mura urbiche. \u00a0Una curiosa contaminazione nei luoghi simbolo della citt\u00e0, dove insieme ai tifernati si ritroveranno visitatori e atleti provenienti dall\u2019Umbria e dal centro Italia.\u00a0<em>In piazza Matteotti, largo Gildoni, piazza Fanti, corso Cavour e piazza Gabriotti sono attesi all\u2019edizione mensile di Retr\u00f2 i 115 espositori<\/em>\u00a0che hanno fatto a gara per prenotare gli spazi a disposizione e porteranno in mostra oggetti di pregio, curiosit\u00e0, rarit\u00e0 d\u2019epoca e articoli vintage per collezionisti, appassionati di antiquariato e hobbisti. La cartellonistica della manifestazione guider\u00e0 i visitatori lungo il percorso espositivo riservato ai venditori presenti con una ordinanza del comando della Polizia Locale che dalle ore 6.00 alle ore 20.00 vieter\u00e0 il transito veicolare nelle piazze interessate dall\u2019evento e la sosta (compresi gli autorizzati) in piazza Fanti e piazza Costa, dove potranno parcheggiare per le operazioni di carico e scarico delle merci i partecipanti alla rassegna.\u00a0<em>Dalle ore 9.30 piazza delle Tabacchine sar\u00e0 punto di riferimento per gli atleti iscritti alla corsa di orientamento promossa dall&#8217;associazione Prom.O.S.Sport di Perugia<\/em>, sodalizio fondato nel 1990 da un gruppo d\u2019insegnanti di educazione fisica che ha portato l\u2019orienteering a essere anche in Umbria tra gli sport pi\u00f9 praticati a scuola. Con il patrocinio della delegazione regionale umbra della Federazione Italiana Sport Orientamento, la gara a cronometro guider\u00e0 sportivi di tutte le et\u00e0 alla scoperta del cuore della citt\u00e0 con una bussola in mano e una cartina topografica, lungo \u00a0percorsi tracciati dagli organizzatori insieme agli studenti del Liceo Plinio il Giovane di Citt\u00e0 di Castello, che nel corso dell\u2019anno hanno preso parte a un progetto didattico nel quale sono stati coinvolti anche i coetanei dell\u2019Istituto di Istruzione Superiore Patrizi Baldelli Cavallotti. Le partenze dei partecipanti saranno programmate tra le ore 10.00 e le ore 12.00 e saranno seguite dalla proclamazione dei risultati. La manifestazione sar\u00e0 valida infatti come prova del calendario di eventi promosso da Attivit\u00e0 Sportive Confederate con il gruppo Spezzano di Perugia.<\/p>\n","protected":false},"excerpt":{"rendered":"<p>Domenica 16 aprile appuntamento nel centro storico di Citt\u00e0 di Castello con Retr\u00f2 e la corsa di orientamento \u201cQua e l\u00e0 per\u2026i borghi nel cuore d\u2019Italia\u201d\u00a0\u00a0La stagione dei grandi eventi della primavera e dell\u2019estate a Citt\u00e0 di Castello si apre domenica 16 aprile con una giornata dedicata alla passeggiata per le vie e le piazze [&hellip;]<\/p>\n","protected":false},"author":1,"featured_media":0,"comment_status":"open","ping_status":"open","sticky":false,"template":"","format":"standard","meta":{"_joinchat":[]},"categories":[1],"tags":[],"_links":{"self":[{"href":"https:\/\/www.radioribelle.it\/index.php\/wp-json\/wp\/v2\/posts\/13274"}],"collection":[{"href":"https:\/\/www.radioribelle.it\/index.php\/wp-json\/wp\/v2\/posts"}],"about":[{"href":"https:\/\/www.radioribelle.it\/index.php\/wp-json\/wp\/v2\/types\/post"}],"author":[{"embeddable":true,"href":"https:\/\/www.radioribelle.it\/index.php\/wp-json\/wp\/v2\/users\/1"}],"replies":[{"embeddable":true,"href":"https:\/\/www.radioribelle.it\/index.php\/wp-json\/wp\/v2\/comments?post=13274"}],"version-history":[{"count":1,"href":"https:\/\/www.radioribelle.it\/index.php\/wp-json\/wp\/v2\/posts\/13274\/revisions"}],"predecessor-version":[{"id":13276,"href":"https:\/\/www.radioribelle.it\/index.php\/wp-json\/wp\/v2\/posts\/13274\/revisions\/13276"}],"wp:attachment":[{"href":"https:\/\/www.radioribelle.it\/index.php\/wp-json\/wp\/v2\/media?parent=13274"}],"wp:term":[{"taxonomy":"category","embeddable":true,"href":"https:\/\/www.radioribelle.it\/index.php\/wp-json\/wp\/v2\/categories?post=13274"},{"taxonomy":"post_tag","embeddable":true,"href":"https:\/\/www.radioribelle.it\/index.php\/wp-json\/wp\/v2\/tags?post=13274"}],"curies":[{"name":"wp","href":"https:\/\/api.w.org\/{rel}","templated":true}]}}