{"id":14222,"date":"2023-05-08T16:39:00","date_gmt":"2023-05-08T14:39:00","guid":{"rendered":"https:\/\/www.radioribelle.it\/?p=14222"},"modified":"2023-05-08T14:03:51","modified_gmt":"2023-05-08T12:03:51","slug":"bagno-di-romagna-app-turismo-slow-del-nostro-territorio","status":"publish","type":"post","link":"https:\/\/www.radioribelle.it\/index.php\/2023\/05\/08\/bagno-di-romagna-app-turismo-slow-del-nostro-territorio\/","title":{"rendered":"Bagno di Romagna, APP turismo slow del nostro territorio"},"content":{"rendered":"\n<div class=\"wp-block-image\"><figure class=\"alignright size-large is-resized\"><img loading=\"lazy\" src=\"https:\/\/www.radioribelle.it\/wp-content\/uploads\/2023\/05\/gnomi-1024x576.jpg\" alt=\"\" class=\"wp-image-14223\" width=\"380\" height=\"213\" srcset=\"https:\/\/www.radioribelle.it\/wp-content\/uploads\/2023\/05\/gnomi-1024x576.jpg 1024w, https:\/\/www.radioribelle.it\/wp-content\/uploads\/2023\/05\/gnomi-300x169.jpg 300w, https:\/\/www.radioribelle.it\/wp-content\/uploads\/2023\/05\/gnomi-768x432.jpg 768w, https:\/\/www.radioribelle.it\/wp-content\/uploads\/2023\/05\/gnomi-1536x864.jpg 1536w, https:\/\/www.radioribelle.it\/wp-content\/uploads\/2023\/05\/gnomi-619x348.jpg 619w, https:\/\/www.radioribelle.it\/wp-content\/uploads\/2023\/05\/gnomi.jpg 1920w\" sizes=\"(max-width: 380px) 100vw, 380px\" \/><\/figure><\/div>\n\n\n\n<p><br>Alla presentazione dei nuovi strumenti di orientamento ed informazione per la fruizione della rete sentieristica locale, che abbiamo realizzato con lo scopo di promuovere ed incentivare il turismo slow del nostro territorio. A tal fine, l\u2019invito che Vi rivolgiamo \u00e8 quello a partecipare alla presentazione della nuova APP Valle Savio OutDoor e dei nuovi materiali informativi per turisti, che si terr\u00e0 il prossimo gioved\u00ec 11 maggio, alle ore 15.00, presso il Palazzo del Capitano.<\/p>\n\n\n\n<!--more-->\n\n\n\n<p>Questa presentazione \u00e8 particolarmente importante per la nostra Comunit\u00e0 e per un nuovo impulso<br>al tessuto turistico e segna la definizione di un lavoro che abbiamo portato avanti da oltre 2 anni,<br>durante i quali \u00e8 stata avviata l\u2019opera di riqualificazione della rete escursionistica della Val di<br>Bagno Trek e \u2013 parallelamente &#8211; lo sviluppo coerente di nuovi strumenti all\u2019avanguardia, capaci di<br>far vivere nel migliore dei modi questo importante prodotto ambientale agli avventori nel nostro<br>territorio.In tale contesto \u00e8 stato ultimato da poco lo sviluppo dell\u2019applicazione Valle Savio OutDoor, sulla<br>quale sar\u00e0 finalmente possibile indirizzare tutti gli appassionati di trekking, mtb e bici da strada, per<br>essere guidati lungo itinerari sicuri, mappati e descritti, lungo tutta la Valle del Savio.<br>Parliamo di oltre 200 anelli escursionistici sui quali si \u00e8 lavorato con guide ed esperti di settore al<br>fine di controllarne qualit\u00e0, percorribilit\u00e0 e definizione delle caratteristiche, cos\u00ec che cittadini e<br>turisti possano facilmente orientarsi nella scelta di quale scegliere in base alle loro esigenze.<br>A questo strumento va ad affiancarsi anche una nuova mappa da banco, dedicata agli escursionisti<br>a piedi, con la quale dare una panoramica dei 16 anelli in fase di riqualificazione, all\u2019interno del<br>territorio del nostro comune. Questo strumento mira a diventare un solido alleato per tutti coloro che vorranno pianificare le loro passeggiate lungo i nostri sentieri e per tutte le strutture ricettive che vorranno rivolgersi a questospecifico target turistico, rafforzando le proprie attivit\u00e0 promo commerciali sicure di poter contaresu di un prodotto ben strutturato in termini di servizi qui in loco.<br>La sinergia dell\u2019applicazione, delle nuove mappe da banco e della nuova cartellonistica installata<br>negli anelli, nonch\u00e9 le guide sviluppate dalla DMC con il progetto Valle Savio Bike Hub,<br>rappresentano un nuovo standard per la nostra destinazione, costruito seguendo i modelli di<br>riferimento delle migliori destinazioni alpine Italiane.  Un ecosistema di informazioni puntuali che potranno dare un grande sviluppo ad un target sempre pi\u00f9 interessato al nostro territorio ed identificato nel progetto di sviluppo turistico \u201cVias Animae\u201d come il pi\u00f9 importante su cui investire subito dopo a quello termale. Durante la presentazione verr\u00e0 spiegato il funzionamento dell\u2019applicazione e sar\u00e0 possibile ritirare le mappe stampate. Sar\u00e0 altres\u00ec occasione per distribuire a tutti i partecipanti le copie del Calendario Eventi 2023.<br><br>Il Sindaco Assessore al Turismo  Marco Baccini e Francesco Ricci<\/p>\n","protected":false},"excerpt":{"rendered":"<p>Alla presentazione dei nuovi strumenti di orientamento ed informazione per la fruizione della rete sentieristica locale, che abbiamo realizzato con lo scopo di promuovere ed incentivare il turismo slow del nostro territorio. A tal fine, l\u2019invito che Vi rivolgiamo \u00e8 quello a partecipare alla presentazione della nuova APP Valle Savio OutDoor e dei nuovi materiali [&hellip;]<\/p>\n","protected":false},"author":1,"featured_media":0,"comment_status":"open","ping_status":"open","sticky":false,"template":"","format":"standard","meta":{"_joinchat":[]},"categories":[1],"tags":[],"_links":{"self":[{"href":"https:\/\/www.radioribelle.it\/index.php\/wp-json\/wp\/v2\/posts\/14222"}],"collection":[{"href":"https:\/\/www.radioribelle.it\/index.php\/wp-json\/wp\/v2\/posts"}],"about":[{"href":"https:\/\/www.radioribelle.it\/index.php\/wp-json\/wp\/v2\/types\/post"}],"author":[{"embeddable":true,"href":"https:\/\/www.radioribelle.it\/index.php\/wp-json\/wp\/v2\/users\/1"}],"replies":[{"embeddable":true,"href":"https:\/\/www.radioribelle.it\/index.php\/wp-json\/wp\/v2\/comments?post=14222"}],"version-history":[{"count":1,"href":"https:\/\/www.radioribelle.it\/index.php\/wp-json\/wp\/v2\/posts\/14222\/revisions"}],"predecessor-version":[{"id":14224,"href":"https:\/\/www.radioribelle.it\/index.php\/wp-json\/wp\/v2\/posts\/14222\/revisions\/14224"}],"wp:attachment":[{"href":"https:\/\/www.radioribelle.it\/index.php\/wp-json\/wp\/v2\/media?parent=14222"}],"wp:term":[{"taxonomy":"category","embeddable":true,"href":"https:\/\/www.radioribelle.it\/index.php\/wp-json\/wp\/v2\/categories?post=14222"},{"taxonomy":"post_tag","embeddable":true,"href":"https:\/\/www.radioribelle.it\/index.php\/wp-json\/wp\/v2\/tags?post=14222"}],"curies":[{"name":"wp","href":"https:\/\/api.w.org\/{rel}","templated":true}]}}