{"id":14535,"date":"2023-05-17T11:02:00","date_gmt":"2023-05-17T09:02:00","guid":{"rendered":"https:\/\/www.radioribelle.it\/?p=14535"},"modified":"2023-05-16T11:25:52","modified_gmt":"2023-05-16T09:25:52","slug":"diecimila-euro-per-progetti-di-facilitazione-linguistica","status":"publish","type":"post","link":"https:\/\/www.radioribelle.it\/index.php\/2023\/05\/17\/diecimila-euro-per-progetti-di-facilitazione-linguistica\/","title":{"rendered":"Diecimila euro per progetti di facilitazione linguistica"},"content":{"rendered":"\n<div class=\"wp-block-image\"><figure class=\"alignleft size-full\"><img loading=\"lazy\" width=\"300\" height=\"168\" src=\"https:\/\/www.radioribelle.it\/wp-content\/uploads\/2023\/05\/carlettini.jpg\" alt=\"\" class=\"wp-image-14536\"\/><\/figure><\/div>\n\n\n\n<p>Giovanna Carlettini: confidiamo nella tradizionale sensibilit\u00e0 dei dirigenti scolastici per progetti formativi dai quali dipende il futuro dell&#8217;integrazione Diecimila euro: \u00e8 questo il contributo a beneficio dell&#8217;Ufficio immigrazione, integrazione e pari opportunit\u00e0. Grazie a questa somma, lo stesso provveder\u00e0 a finanziare i progetti degli istituti comprensivi e del convitto nazionale finalizzati a sostenere la conoscenza della nostra lingua e a promuovere percorsi di facilitazione per studenti arrivati di recente o che presentano difficolt\u00e0 nell&#8217;uso dell&#8217;italiano<\/p>\n\n\n\n<!--more-->\n\n\n\n<p> I diecimila euro verranno ripartiti proporzionalmente al numero degli alunni coinvolti nei progetti, da realizzarsi da settembre a dicembre 2023. Un&#8217;altra iniziativa importante che si rinnova di anno in anno commenta l&#8217;assessore Giovanna Carlettini \u00a0pergarantire ai cittadini stranieri, in questo caso a chi \u00e8 impegnato nel percorso scolastico, la possibilit\u00e0 di fruire di una formazione ad hoc che ne promuova l&#8217;integrazione e il progresso sociale. Il diritto allo studio equivale a frequentare la classe di riferimento, partecipare alla didattica e non solo, anche al gruppo di amicizie che si crea fra studenti. Se un minore straniero non padroneggia adeguatamente la lingua dell&#8217;insegnante o del compagno di banco pu\u00f2 andare incontro a frustrazione e problemi che, in casi estremi, inducono all&#8217;abbandono scolastico e a cascata alla marginalit\u00e0 sociale. La necessit\u00e0, pertanto, di prevenire tale fenomeno e agire sull\u0092utilizzo adeguato dello strumento linguistico, ci ha indotto a prendere questo provvedimento per il quale confido nella tradizionale sensibilit\u00e0 dei dirigenti scolastici e nella loco capacit\u00e0 di dare risposte adeguate.<\/p>\n","protected":false},"excerpt":{"rendered":"<p>Giovanna Carlettini: confidiamo nella tradizionale sensibilit\u00e0 dei dirigenti scolastici per progetti formativi dai quali dipende il futuro dell&#8217;integrazione Diecimila euro: \u00e8 questo il contributo a beneficio dell&#8217;Ufficio immigrazione, integrazione e pari opportunit\u00e0. Grazie a questa somma, lo stesso provveder\u00e0 a finanziare i progetti degli istituti comprensivi e del convitto nazionale finalizzati a sostenere la conoscenza [&hellip;]<\/p>\n","protected":false},"author":1,"featured_media":0,"comment_status":"open","ping_status":"open","sticky":false,"template":"","format":"standard","meta":{"_joinchat":[]},"categories":[1],"tags":[],"_links":{"self":[{"href":"https:\/\/www.radioribelle.it\/index.php\/wp-json\/wp\/v2\/posts\/14535"}],"collection":[{"href":"https:\/\/www.radioribelle.it\/index.php\/wp-json\/wp\/v2\/posts"}],"about":[{"href":"https:\/\/www.radioribelle.it\/index.php\/wp-json\/wp\/v2\/types\/post"}],"author":[{"embeddable":true,"href":"https:\/\/www.radioribelle.it\/index.php\/wp-json\/wp\/v2\/users\/1"}],"replies":[{"embeddable":true,"href":"https:\/\/www.radioribelle.it\/index.php\/wp-json\/wp\/v2\/comments?post=14535"}],"version-history":[{"count":1,"href":"https:\/\/www.radioribelle.it\/index.php\/wp-json\/wp\/v2\/posts\/14535\/revisions"}],"predecessor-version":[{"id":14537,"href":"https:\/\/www.radioribelle.it\/index.php\/wp-json\/wp\/v2\/posts\/14535\/revisions\/14537"}],"wp:attachment":[{"href":"https:\/\/www.radioribelle.it\/index.php\/wp-json\/wp\/v2\/media?parent=14535"}],"wp:term":[{"taxonomy":"category","embeddable":true,"href":"https:\/\/www.radioribelle.it\/index.php\/wp-json\/wp\/v2\/categories?post=14535"},{"taxonomy":"post_tag","embeddable":true,"href":"https:\/\/www.radioribelle.it\/index.php\/wp-json\/wp\/v2\/tags?post=14535"}],"curies":[{"name":"wp","href":"https:\/\/api.w.org\/{rel}","templated":true}]}}