{"id":15716,"date":"2023-06-13T15:37:00","date_gmt":"2023-06-13T13:37:00","guid":{"rendered":"https:\/\/www.radioribelle.it\/?p=15716"},"modified":"2023-06-12T16:39:40","modified_gmt":"2023-06-12T14:39:40","slug":"estate-al-parco","status":"publish","type":"post","link":"https:\/\/www.radioribelle.it\/index.php\/2023\/06\/13\/estate-al-parco\/","title":{"rendered":"\u201cESTATE AL PARCO\u201d"},"content":{"rendered":"\n<div class=\"wp-block-image\"><figure class=\"alignright size-large is-resized\"><img loading=\"lazy\" src=\"https:\/\/www.radioribelle.it\/wp-content\/uploads\/2023\/06\/IMG_7670-1024x768.jpg\" alt=\"\" class=\"wp-image-15717\" width=\"305\" height=\"229\" srcset=\"https:\/\/www.radioribelle.it\/wp-content\/uploads\/2023\/06\/IMG_7670-1024x768.jpg 1024w, https:\/\/www.radioribelle.it\/wp-content\/uploads\/2023\/06\/IMG_7670-300x225.jpg 300w, https:\/\/www.radioribelle.it\/wp-content\/uploads\/2023\/06\/IMG_7670-768x576.jpg 768w, https:\/\/www.radioribelle.it\/wp-content\/uploads\/2023\/06\/IMG_7670-1536x1152.jpg 1536w, https:\/\/www.radioribelle.it\/wp-content\/uploads\/2023\/06\/IMG_7670-619x464.jpg 619w, https:\/\/www.radioribelle.it\/wp-content\/uploads\/2023\/06\/IMG_7670.jpg 2016w\" sizes=\"(max-width: 305px) 100vw, 305px\" \/><\/figure><\/div>\n\n\n\n<p>FORLI&#8217; &#8211; CESENA  &#8211;  Dal  20 giugno al 17 luglio al Centro Diurno La Meridiana torna la rassegna letteraria di \u2018Oltre il Giardino\u2019 Libri e parole al parco \u2018Oltre il Giardino\u2019.\u00a0Dal 20 giugno al 17 luglio\u00a0al\u00a0Centro Diurno La Meridiana\u2019 (Via Cerchia Sant\u2019Egidio 2621)\u00a0torna \u2018ESTATE AL PARCO\u201d la rassegna letteraria\u00a0gratuita,\u00a0promossa dal Dipartimento Salute Mentale e Dipendenze Patologiche Forl\u00ec-Cesena, in collaborazione con\u00a0la cooperativa Il Mandorlo e con il patrocinio del Comune di Cesena e il quartiere Cervese Sud, nell\u2019ambito del progetto di sviluppo ambientale e di utilit\u00e0 sociale \u2018Oltre il Giardino\u2019, che ha tra i suoi obiettivi l\u2019inclusione dei pazienti in riabilitazione, ospiti del\u00a0Centro diurno.<\/p>\n\n\n\n<!--more-->\n\n\n\n<p>Arrivata alla sua quinta edizione, l\u2019iniziativa \u00e8 stata illustrata questa mattina in conferenza stampa \u00a0dall\u2019assessore alla Cultura e Inclusione del Comune di Cesena Carlo Verona, dal direttore del\u00a0Dipartimento Salute Mentale e Dipendenze Patologiche Forl\u00ec-Cesena\u00a0Michele Sanza,\u00a0dal\u00a0Responsabile del servizio Psicologia Clinica e Psicopatologia Clinica Forl\u00ec-Cesena Gianluca Farfaneti insieme al presidente del Quartiere Cervese Sud Diego Paglierani e al presidente della cooperativa Il Mandarlo Luana Grilli (<em>insieme nella foto).<\/em> L\u2019iniziativa \u00e8 nata con l\u2019obiettivo di far diventare il parco del Centro Diurno riabilitativo un luogo d\u2019incontro, di scambio e di conoscenza sui temi della salute mentale, della cura e del cambiamento, attraverso la presentazione al pubblico di libri che affrontano queste tematiche da diverse angolature alla presenza dei loro autori e di esperti del settore della salute mentale e della psicopatologia al fine di approfondire e stimolare un dibattito tra i presenti. La lettura e l\u2019ascolto di autori aumentano la conoscenza del mondo, di s\u00e9 e degli altri, favoriscono la memoria e la concentrazione, stimolano l\u2019immaginazione e la capacit\u00e0 critica, arricchiscono il linguaggio, aumentano l\u2019alfabetizzazione emotiva e riducono lo stress. Ma non solo. La rassegna si conferma infatti anche come momento di aggregazione sociale, di condivisione e di contrasto allo stigma, fattore fondamentale per il reinserimento sociale. I libri scelti per quest\u2019edizione parlano a vario titolo di cura e del pendersi cura, di emarginazione ma anche di speranza e di cambiamento, tutti temi che le persone con fragilit\u00e0 affrontano nei loro percorsi terapeutici. La partecipazione alla rassegna \u00e8 gratuita fino ad esaurimento posti.Durante le serate verranno raccolti fondi per sostenere attivit\u00e0 e nuovi progetti riabilitativi del Centro Diurno.<\/p>\n\n\n\n<p>Ecco il programma: 20\u00a0<a rel=\"noreferrer noopener\" target=\"_blank\"><\/a><a rel=\"noreferrer noopener\" target=\"_blank\"><\/a>giugno ore 20.30\u00a0<\/p>\n\n\n\n<p>Presentazione del libro &#8220;Astenersi Principianti&#8221; Einaudi editore<\/p>\n\n\n\n<p>Sar\u00e0 presente l&#8217;autore Paolo Milone in dialogo con Michele Sanza, psichiatra Direttore Dipartimento Salute Mentale e Dipendenze Patologiche Forl\u00ec Cesena Ausl Romagna<\/p>\n\n\n\n<p>29\u00a0<a rel=\"noreferrer noopener\" target=\"_blank\"><\/a>giugno\u00a0ore 20.30,\u00a0Presentazione del libro &#8220;Azzardo&#8221; Einaudi editore.\u00a0Sar\u00e0 presente l&#8217;autrice Alessandra Mureddu in dialogo con la dott.ssa Chiara Pracucci, psicologa psicoterapeuta.<\/p>\n\n\n\n<p>5 Luglio ore 20.30.\u00a0Presentazione del libro &#8220;Parlami&#8221; Fazi Editore.\u00a0Sar\u00e0 presente l&#8217;autore Francesco Zani in dialogo con dott. Gianluca Farfaneti psicologo, responsabile struttura Psicologia Clinica e Psicopatologia Forl\u00ec Cesena AUSl Romagna<\/p>\n\n\n\n<p>9\u00a0<a rel=\"noreferrer noopener\" target=\"_blank\"><\/a>Luglio\u00a0ore 20.30.\u00a0Identit\u00e0 Rubate.\u00a0Poesie, maschere e monologhi sulla costruzione dell&#8217;identit\u00e0\u00a0scritto e interpretato da\u00a0Riccardo Pieri.\u00a0Regia di Giulia Baldassarri<\/p>\n\n\n\n<p>17\u00a0<a rel=\"noreferrer noopener\" target=\"_blank\"><\/a>Luglio\u00a0ore 20.30.\u00a0Presentazione del libro &#8220;Non Esisto&#8221; Edizioni Clichy<\/p>\n\n\n\n<p>Sar\u00e0 presente l&#8217;autore Alberto Schiavone in dialogo con dott.ssa Maria Signorini, psicologa UO. Dipendenze patologiche Forl\u00ec-Cesena.<\/p>\n","protected":false},"excerpt":{"rendered":"<p>FORLI&#8217; &#8211; CESENA &#8211; Dal 20 giugno al 17 luglio al Centro Diurno La Meridiana torna la rassegna letteraria di \u2018Oltre il Giardino\u2019 Libri e parole al parco \u2018Oltre il Giardino\u2019.\u00a0Dal 20 giugno al 17 luglio\u00a0al\u00a0Centro Diurno La Meridiana\u2019 (Via Cerchia Sant\u2019Egidio 2621)\u00a0torna \u2018ESTATE AL PARCO\u201d la rassegna letteraria\u00a0gratuita,\u00a0promossa dal Dipartimento Salute Mentale e Dipendenze [&hellip;]<\/p>\n","protected":false},"author":1,"featured_media":0,"comment_status":"open","ping_status":"open","sticky":false,"template":"","format":"standard","meta":{"_joinchat":[]},"categories":[1],"tags":[],"_links":{"self":[{"href":"https:\/\/www.radioribelle.it\/index.php\/wp-json\/wp\/v2\/posts\/15716"}],"collection":[{"href":"https:\/\/www.radioribelle.it\/index.php\/wp-json\/wp\/v2\/posts"}],"about":[{"href":"https:\/\/www.radioribelle.it\/index.php\/wp-json\/wp\/v2\/types\/post"}],"author":[{"embeddable":true,"href":"https:\/\/www.radioribelle.it\/index.php\/wp-json\/wp\/v2\/users\/1"}],"replies":[{"embeddable":true,"href":"https:\/\/www.radioribelle.it\/index.php\/wp-json\/wp\/v2\/comments?post=15716"}],"version-history":[{"count":1,"href":"https:\/\/www.radioribelle.it\/index.php\/wp-json\/wp\/v2\/posts\/15716\/revisions"}],"predecessor-version":[{"id":15718,"href":"https:\/\/www.radioribelle.it\/index.php\/wp-json\/wp\/v2\/posts\/15716\/revisions\/15718"}],"wp:attachment":[{"href":"https:\/\/www.radioribelle.it\/index.php\/wp-json\/wp\/v2\/media?parent=15716"}],"wp:term":[{"taxonomy":"category","embeddable":true,"href":"https:\/\/www.radioribelle.it\/index.php\/wp-json\/wp\/v2\/categories?post=15716"},{"taxonomy":"post_tag","embeddable":true,"href":"https:\/\/www.radioribelle.it\/index.php\/wp-json\/wp\/v2\/tags?post=15716"}],"curies":[{"name":"wp","href":"https:\/\/api.w.org\/{rel}","templated":true}]}}