{"id":15753,"date":"2023-06-14T10:40:00","date_gmt":"2023-06-14T08:40:00","guid":{"rendered":"https:\/\/www.radioribelle.it\/?p=15753"},"modified":"2023-06-15T11:53:34","modified_gmt":"2023-06-15T09:53:34","slug":"festa-della-musica-2023","status":"publish","type":"post","link":"https:\/\/www.radioribelle.it\/index.php\/2023\/06\/14\/festa-della-musica-2023\/","title":{"rendered":"FESTA DELLA MUSICA 2023"},"content":{"rendered":"\n<div class=\"wp-block-image\"><figure class=\"alignleft size-large is-resized\"><img loading=\"lazy\" src=\"https:\/\/www.radioribelle.it\/wp-content\/uploads\/2023\/06\/Coro-MANI-BIANCHE-Voci-Bianche-Voceincanto_1280x960-1024x768.jpg\" alt=\"\" class=\"wp-image-15754\" width=\"352\" height=\"264\" srcset=\"https:\/\/www.radioribelle.it\/wp-content\/uploads\/2023\/06\/Coro-MANI-BIANCHE-Voci-Bianche-Voceincanto_1280x960-1024x768.jpg 1024w, https:\/\/www.radioribelle.it\/wp-content\/uploads\/2023\/06\/Coro-MANI-BIANCHE-Voci-Bianche-Voceincanto_1280x960-300x225.jpg 300w, https:\/\/www.radioribelle.it\/wp-content\/uploads\/2023\/06\/Coro-MANI-BIANCHE-Voci-Bianche-Voceincanto_1280x960-768x576.jpg 768w, https:\/\/www.radioribelle.it\/wp-content\/uploads\/2023\/06\/Coro-MANI-BIANCHE-Voci-Bianche-Voceincanto_1280x960-619x464.jpg 619w, https:\/\/www.radioribelle.it\/wp-content\/uploads\/2023\/06\/Coro-MANI-BIANCHE-Voci-Bianche-Voceincanto_1280x960.jpg 1280w\" sizes=\"(max-width: 352px) 100vw, 352px\" \/><\/figure><\/div>\n\n\n\n<p><em>Luned\u00ec 19 Giugno, ore 18:15<\/em> <em>Sala delle Conferenze<\/em> <em>BIBLIOTECA Citt\u00e0 di Arezzo<\/em> <em>Via dei Pileati, 12 &#8211; Arezzo<\/em> In occasione delle celebrazioni per la FESTA DELLA MUSICA 2023, l\u2019Associazione Voceincanto ed il suo Direttore Gianna Ghiori organizzano un concerto dedicato alla POESIA ed a testi colti di importanti scrittori italiani (Pascoli, D\u2019annunzio, Rodari, Piumini, ecc..) musicati da giovani compositori italiani quali Lanaro, Visioli, Basevi, Zuccante e tanti altri,\u00a0 realizzando cos\u00ec uno speciale momento di festa e di musica corale dando la possibilit\u00e0 di conoscere un modo alternativo e nuovo di fare coro.<\/p>\n\n\n\n<!--more-->\n\n\n\n<p>La fusione di Voci Bianche e MANI BIANCHE.\u00a0Molto pi\u00f9 di un classico coro, il Coro Mani Bianche Voceincanto \u00e8 un progetto innovativo e sperimentale che d\u00e0 vita ad un coro solidale, inclusivo ed integrato ispirato al famoso sistema fondato in Venezuela dal maestro Jos\u00e9 Antonio Abreu, esperienza imitata in diversi Paesi del mondo, adattata e arricchita. Sar\u00e0 uno speciale racconto: sprofonderemo nel BLU delle emozioni, sogneremo fra le STELLE, visiteremo la LUNA, avremo un brivido di simpatica PAURA e torneremo ad essere grandemente FELICI. \u201cLa Musica Corale da sempre \u00e8 uno strumento di unione e di condivisione, &#8211; dichiara Gianna Ghiori &#8211; forse uno degli strumenti pi\u00f9 potenti ed adatti per annullare qualsiasi tipo di diversit\u00e0, lingua, nazionalit\u00e0, stato sociale e fisico, pensiero politico.\u201d \u00a0A quattro mani con Gianna gestir\u00e0 la direzione del Coro MANI BIANCHE l\u2019Interprete LIS Rachele Vanni che ci racconta: \u201cIl Canto ed i Gesti di coristi annulleranno il confine tra le diverse espressioni artistiche e umane ci sar\u00f2 un solo \u201cgruppo coro\u201d dove si vive la musica anche attraverso il linguaggio dei segni.\u201d Liberi di esprimersi in musica che diventa accessibile a tutti, ognuno \u201ccanter\u00e0\u201d con il mezzo espressivo che sente pi\u00f9 naturale, ci sar\u00e0 chi utilizzer\u00e0 la voce e chi far\u00e0 cantare le sue mani vestite di guanti bianchi muovendole nell&#8217;aria. Tutto il concerto sar\u00e0 accompagnato al pianoforte dal Maestro Lorenzo Magi. Con il patrocinio di Comune di Arezzo, Biblioteca Citt\u00e0 Di Arezzo, ACT Associazione Cori della Toscana, FENIARCO &#8211; La voce dei cori e con il contributo dell&#8217;Assessorato allo Sport e alle Politiche Giovanili del Comune di Arezzo.<\/p>\n","protected":false},"excerpt":{"rendered":"<p>Luned\u00ec 19 Giugno, ore 18:15 Sala delle Conferenze BIBLIOTECA Citt\u00e0 di Arezzo Via dei Pileati, 12 &#8211; Arezzo In occasione delle celebrazioni per la FESTA DELLA MUSICA 2023, l\u2019Associazione Voceincanto ed il suo Direttore Gianna Ghiori organizzano un concerto dedicato alla POESIA ed a testi colti di importanti scrittori italiani (Pascoli, D\u2019annunzio, Rodari, Piumini, ecc..) [&hellip;]<\/p>\n","protected":false},"author":1,"featured_media":0,"comment_status":"open","ping_status":"open","sticky":false,"template":"","format":"standard","meta":{"_joinchat":[]},"categories":[1],"tags":[],"_links":{"self":[{"href":"https:\/\/www.radioribelle.it\/index.php\/wp-json\/wp\/v2\/posts\/15753"}],"collection":[{"href":"https:\/\/www.radioribelle.it\/index.php\/wp-json\/wp\/v2\/posts"}],"about":[{"href":"https:\/\/www.radioribelle.it\/index.php\/wp-json\/wp\/v2\/types\/post"}],"author":[{"embeddable":true,"href":"https:\/\/www.radioribelle.it\/index.php\/wp-json\/wp\/v2\/users\/1"}],"replies":[{"embeddable":true,"href":"https:\/\/www.radioribelle.it\/index.php\/wp-json\/wp\/v2\/comments?post=15753"}],"version-history":[{"count":1,"href":"https:\/\/www.radioribelle.it\/index.php\/wp-json\/wp\/v2\/posts\/15753\/revisions"}],"predecessor-version":[{"id":15755,"href":"https:\/\/www.radioribelle.it\/index.php\/wp-json\/wp\/v2\/posts\/15753\/revisions\/15755"}],"wp:attachment":[{"href":"https:\/\/www.radioribelle.it\/index.php\/wp-json\/wp\/v2\/media?parent=15753"}],"wp:term":[{"taxonomy":"category","embeddable":true,"href":"https:\/\/www.radioribelle.it\/index.php\/wp-json\/wp\/v2\/categories?post=15753"},{"taxonomy":"post_tag","embeddable":true,"href":"https:\/\/www.radioribelle.it\/index.php\/wp-json\/wp\/v2\/tags?post=15753"}],"curies":[{"name":"wp","href":"https:\/\/api.w.org\/{rel}","templated":true}]}}