{"id":15904,"date":"2023-06-17T07:39:55","date_gmt":"2023-06-17T05:39:55","guid":{"rendered":"https:\/\/www.radioribelle.it\/?p=15904"},"modified":"2023-06-17T07:39:56","modified_gmt":"2023-06-17T05:39:56","slug":"dopo-il-controllo-timbro-al-duomo-gli-equipaggi-sono-arrivati-a-city-life","status":"publish","type":"post","link":"https:\/\/www.radioribelle.it\/index.php\/2023\/06\/17\/dopo-il-controllo-timbro-al-duomo-gli-equipaggi-sono-arrivati-a-city-life\/","title":{"rendered":"DOPO IL CONTROLLO TIMBRO AL DUOMO GLI EQUIPAGGI SONO ARRIVATI A CITY LIFE"},"content":{"rendered":"\n<div class=\"wp-block-image\"><figure class=\"alignleft size-full\"><img loading=\"lazy\" width=\"275\" height=\"183\" src=\"https:\/\/www.radioribelle.it\/wp-content\/uploads\/2023\/06\/mille.jpg\" alt=\"\" class=\"wp-image-15905\"\/><\/figure><\/div>\n\n\n\n<p>16 Giugno 2023 \u2013 Le ultime vetture della 1000 Miglia 2023 stanno facendo il loro ingresso a\u00a0City Life, reduci dal\u00a0Controllo Timbro in Piazza Duomo. Per quanto riguarda la Freccia rossa, la giornata di gara non ha riservato sorprese nella parte alta della classifica<\/p>\n\n\n\n<!--more-->\n\n\n\n<p>. Chiudono ancora in testa\u00a0Andrea Vesco e Fabio Salvinelli, ben avviati a quello che sarebbe un traguardo storico per il driver, che diventerebbe il primo pilota della storia a vincere quattro edizioni consecutive della freccia rossa. Al secondo posto\u00a0Fontanella e Covelli, seguiti da\u00a0Belometti e Bergomi. Recuperano una posizione\u00a0Alberto Aliverti e Stefano Valente, ora quarti. In quinta posizione\u00a0Sisti e Gualandi\u00a0davanti ai\u00a0Turelli, che oggi hanno perso terreno sui rivali.\u00a0\u201cL\u2019arrivo a Milano con questo tempo meraviglioso \u00e8 stato bellissimo. Era importante, sono contento anche per i ragazzi del Politecnico che hanno fatto un gran lavoro con una tecnologia nuovissima molto complicata da gestire \u2013 ha detto\u00a0Matteo Marzotto\u00a0a proposito del\u00a0Progetto 1000 Miglia Autonomous Drive\u00a0e dell\u2019arrivo in citt\u00e0 in modalit\u00e0 a guida autonoma a bordo della Maserati C20 Cielo \u2013\u00a0<em>questo progetto \u00e8 la prova che l\u2019Italia e gli italiani quando c\u2019\u00e8 da dare il colpo di reni ci sono sempre. Questa corsa deve continuare ad essere un contenitore di cose belle del passato sempre rivolta al futuro. Dobbiamo mostrare un Italia che vive, che pensa e che lavora a prodotti pi\u00f9 belli. Ho parlato con tanti equipaggi stranieri e vi assicuro che non hanno dubbi: 1000 Miglia \u00e8 davvero la Corsa Pi\u00f9 Bella del Mondo\u201d.<\/em><\/p>\n","protected":false},"excerpt":{"rendered":"<p>16 Giugno 2023 \u2013 Le ultime vetture della 1000 Miglia 2023 stanno facendo il loro ingresso a\u00a0City Life, reduci dal\u00a0Controllo Timbro in Piazza Duomo. Per quanto riguarda la Freccia rossa, la giornata di gara non ha riservato sorprese nella parte alta della classifica<\/p>\n","protected":false},"author":1,"featured_media":0,"comment_status":"open","ping_status":"open","sticky":false,"template":"","format":"standard","meta":{"_joinchat":[]},"categories":[1],"tags":[],"_links":{"self":[{"href":"https:\/\/www.radioribelle.it\/index.php\/wp-json\/wp\/v2\/posts\/15904"}],"collection":[{"href":"https:\/\/www.radioribelle.it\/index.php\/wp-json\/wp\/v2\/posts"}],"about":[{"href":"https:\/\/www.radioribelle.it\/index.php\/wp-json\/wp\/v2\/types\/post"}],"author":[{"embeddable":true,"href":"https:\/\/www.radioribelle.it\/index.php\/wp-json\/wp\/v2\/users\/1"}],"replies":[{"embeddable":true,"href":"https:\/\/www.radioribelle.it\/index.php\/wp-json\/wp\/v2\/comments?post=15904"}],"version-history":[{"count":1,"href":"https:\/\/www.radioribelle.it\/index.php\/wp-json\/wp\/v2\/posts\/15904\/revisions"}],"predecessor-version":[{"id":15906,"href":"https:\/\/www.radioribelle.it\/index.php\/wp-json\/wp\/v2\/posts\/15904\/revisions\/15906"}],"wp:attachment":[{"href":"https:\/\/www.radioribelle.it\/index.php\/wp-json\/wp\/v2\/media?parent=15904"}],"wp:term":[{"taxonomy":"category","embeddable":true,"href":"https:\/\/www.radioribelle.it\/index.php\/wp-json\/wp\/v2\/categories?post=15904"},{"taxonomy":"post_tag","embeddable":true,"href":"https:\/\/www.radioribelle.it\/index.php\/wp-json\/wp\/v2\/tags?post=15904"}],"curies":[{"name":"wp","href":"https:\/\/api.w.org\/{rel}","templated":true}]}}