{"id":16336,"date":"2023-06-29T07:32:00","date_gmt":"2023-06-29T05:32:00","guid":{"rendered":"https:\/\/www.radioribelle.it\/?p=16336"},"modified":"2023-06-28T14:54:28","modified_gmt":"2023-06-28T12:54:28","slug":"il-gen-mario-mori-ad-arezzo","status":"publish","type":"post","link":"https:\/\/www.radioribelle.it\/index.php\/2023\/06\/29\/il-gen-mario-mori-ad-arezzo\/","title":{"rendered":"IL GEN. MARIO MORI AD AREZZO"},"content":{"rendered":"\n<div class=\"wp-block-image\"><figure class=\"alignleft size-large is-resized\"><img loading=\"lazy\" src=\"https:\/\/www.radioribelle.it\/wp-content\/uploads\/2023\/06\/LOCANDINA-INCONTRO-MORI-819x1024.jpeg\" alt=\"\" class=\"wp-image-16337\" width=\"284\" height=\"355\" srcset=\"https:\/\/www.radioribelle.it\/wp-content\/uploads\/2023\/06\/LOCANDINA-INCONTRO-MORI-819x1024.jpeg 819w, https:\/\/www.radioribelle.it\/wp-content\/uploads\/2023\/06\/LOCANDINA-INCONTRO-MORI-240x300.jpeg 240w, https:\/\/www.radioribelle.it\/wp-content\/uploads\/2023\/06\/LOCANDINA-INCONTRO-MORI-768x960.jpeg 768w, https:\/\/www.radioribelle.it\/wp-content\/uploads\/2023\/06\/LOCANDINA-INCONTRO-MORI-1229x1536.jpeg 1229w, https:\/\/www.radioribelle.it\/wp-content\/uploads\/2023\/06\/LOCANDINA-INCONTRO-MORI-619x774.jpeg 619w, https:\/\/www.radioribelle.it\/wp-content\/uploads\/2023\/06\/LOCANDINA-INCONTRO-MORI.jpeg 1280w\" sizes=\"(max-width: 284px) 100vw, 284px\" \/><\/figure><\/div>\n\n\n\n<p>La sua memoria dopo l\u2019assoluzione in Cassazione.\u00a0L\u2019incontro venerd\u00ec 30 giugno al Teatro Pietro Aretino Ha pubblicato in esclusiva sul quotidiano on line<a rel=\"noreferrer noopener\" href=\"http:\/\/ilsussidiario.net\/\" target=\"_blank\">\u00a0ilSussidiario.net\u00a0<\/a>la sua memoria dopo la recente assoluzione in Cassazione da ogni accusa per la presunta trattativa Stato mafia. Di questo, il Gen. Mario Mori parler\u00e0 ad Arezzo nell\u2019incontro organizzato dalla Biblioteca Comunale in collaborazione con la Fondazione \u201cGuido d\u2019Arezzo\u201d, e che si terr\u00e0 venerd\u00ec 30 giugno alle ore 17,30 presso il Teatro Pietro Aretino. Una memoria nella quale il Generale Mori ripercorre i dettagli del suo operato e che, mentre celebra gli eroi uccisi dalla mafia (Dalla Chiesa, Falcone, Borsellino e gli uomini delle scorte), getta contestualmente un inquietante sguardo sull\u2019operato dell\u2019allora Procura di Palermo e rimanda a una sostanziale revisione dei fatti occorsi negli anni \u201990 e successivamente.<\/p>\n\n\n\n<!--more-->\n\n\n\n<p>L\u2019appuntamento, presentato questa mattina in conferenza stampa, sar\u00e0 introdotto da Alessandro Artini, Presidente del CdA della Biblioteca, e moderato da Matteo Giusti, giornalista del quotidiano Il Riformista, il quale intervister\u00e0 il Generale Mori. \u00c8 previsto anche un intervento del Colonnello Claudio Rubert\u00e0, Comandante Provinciale dei Carabinieri di Arezzo. Mario Mori ha collaborato con il generale Dalla Chiesa nella lotta al terrorismo ed \u00e8 stato uno dei fondatori del ROS (Raggruppamento Operativo Speciale). Nel \u201893, alla guida del ROS, in stretta collaborazione con il comandante Ultimo (Sergio De Caprio), arresta Tot\u00f2 Riina. Poi, processato con l\u2019accusa di favoreggiamento, sar\u00e0 assolto nel 2006.<br>Nel 1999 viene posto al comando della Scuola ufficiali carabinieri di Roma; nel gennaio del 2001 diventa comandante della Regione carabinieri Lombardia. Il 1\u00ba ottobre 2001, lascia definitivamente l\u2019Arma dei Carabinieri per essere nominato prefetto e direttore del Sisde, incarico che mantiene fino al 2006.<br>Nel 2017 la Corte di Cassazione ha respinto il ricorso presentato dalla procura generale di Palermo avverso la sentenza di appello, confermando di fatto la sentenza di assoluzione di primo grado (perch\u00e9 il fatto non costituisce reato), rendendola cos\u00ec definitiva. Mori \u00e8 stato processato anche per la cosiddetta trattativa Stato-mafia. Condannato in primo grado nel 2018 dalla Corte d\u2019Assise di Palermo, nel 2019 \u00e8 assolto nel processo di appello. Il 27 aprile 2023 la Corte di Cassazione conferma l\u2019assoluzione.<br>Il Generale, dopo circa venti anni di processi, viene cos\u00ec assolto da tutte le accuse e ci\u00f2 dimostra non solo la sua piena innocenza, ma anche la sua straordinaria resilienza a fronte di vicende giudiziarie che avrebbero potuto demolirne l\u2019integrit\u00e0 e l\u2019onore personali. \u00c8 emersa, cos\u00ec, la formidabile caratura della sua azione investigativa e del suo operato complessivo, in veste di \u201cservitore dello Stato\u201d.<\/p>\n","protected":false},"excerpt":{"rendered":"<p>La sua memoria dopo l\u2019assoluzione in Cassazione.\u00a0L\u2019incontro venerd\u00ec 30 giugno al Teatro Pietro Aretino Ha pubblicato in esclusiva sul quotidiano on line\u00a0ilSussidiario.net\u00a0la sua memoria dopo la recente assoluzione in Cassazione da ogni accusa per la presunta trattativa Stato mafia. Di questo, il Gen. Mario Mori parler\u00e0 ad Arezzo nell\u2019incontro organizzato dalla Biblioteca Comunale in collaborazione [&hellip;]<\/p>\n","protected":false},"author":1,"featured_media":0,"comment_status":"open","ping_status":"open","sticky":false,"template":"","format":"standard","meta":{"_joinchat":[]},"categories":[1],"tags":[],"_links":{"self":[{"href":"https:\/\/www.radioribelle.it\/index.php\/wp-json\/wp\/v2\/posts\/16336"}],"collection":[{"href":"https:\/\/www.radioribelle.it\/index.php\/wp-json\/wp\/v2\/posts"}],"about":[{"href":"https:\/\/www.radioribelle.it\/index.php\/wp-json\/wp\/v2\/types\/post"}],"author":[{"embeddable":true,"href":"https:\/\/www.radioribelle.it\/index.php\/wp-json\/wp\/v2\/users\/1"}],"replies":[{"embeddable":true,"href":"https:\/\/www.radioribelle.it\/index.php\/wp-json\/wp\/v2\/comments?post=16336"}],"version-history":[{"count":1,"href":"https:\/\/www.radioribelle.it\/index.php\/wp-json\/wp\/v2\/posts\/16336\/revisions"}],"predecessor-version":[{"id":16338,"href":"https:\/\/www.radioribelle.it\/index.php\/wp-json\/wp\/v2\/posts\/16336\/revisions\/16338"}],"wp:attachment":[{"href":"https:\/\/www.radioribelle.it\/index.php\/wp-json\/wp\/v2\/media?parent=16336"}],"wp:term":[{"taxonomy":"category","embeddable":true,"href":"https:\/\/www.radioribelle.it\/index.php\/wp-json\/wp\/v2\/categories?post=16336"},{"taxonomy":"post_tag","embeddable":true,"href":"https:\/\/www.radioribelle.it\/index.php\/wp-json\/wp\/v2\/tags?post=16336"}],"curies":[{"name":"wp","href":"https:\/\/api.w.org\/{rel}","templated":true}]}}