{"id":16358,"date":"2023-06-29T11:27:54","date_gmt":"2023-06-29T09:27:54","guid":{"rendered":"https:\/\/www.radioribelle.it\/?p=16358"},"modified":"2023-06-29T11:28:24","modified_gmt":"2023-06-29T09:28:24","slug":"avis-citta-di-castello","status":"publish","type":"post","link":"https:\/\/www.radioribelle.it\/index.php\/2023\/06\/29\/avis-citta-di-castello\/","title":{"rendered":"Avis Citt\u00e0 di Castello"},"content":{"rendered":"\n<div class=\"wp-block-image\"><figure class=\"alignleft size-full is-resized\"><img loading=\"lazy\" src=\"https:\/\/www.radioribelle.it\/wp-content\/uploads\/2023\/06\/Il-presidente-Marcello-Novelli-e-Vice-Presidente-Ughetta-Saturnini-di-AVIS-Citta-di-Castello_960x960.jpg\" alt=\"\" class=\"wp-image-16359\" width=\"298\" height=\"298\" srcset=\"https:\/\/www.radioribelle.it\/wp-content\/uploads\/2023\/06\/Il-presidente-Marcello-Novelli-e-Vice-Presidente-Ughetta-Saturnini-di-AVIS-Citta-di-Castello_960x960.jpg 960w, https:\/\/www.radioribelle.it\/wp-content\/uploads\/2023\/06\/Il-presidente-Marcello-Novelli-e-Vice-Presidente-Ughetta-Saturnini-di-AVIS-Citta-di-Castello_960x960-300x300.jpg 300w, https:\/\/www.radioribelle.it\/wp-content\/uploads\/2023\/06\/Il-presidente-Marcello-Novelli-e-Vice-Presidente-Ughetta-Saturnini-di-AVIS-Citta-di-Castello_960x960-150x150.jpg 150w, https:\/\/www.radioribelle.it\/wp-content\/uploads\/2023\/06\/Il-presidente-Marcello-Novelli-e-Vice-Presidente-Ughetta-Saturnini-di-AVIS-Citta-di-Castello_960x960-768x768.jpg 768w, https:\/\/www.radioribelle.it\/wp-content\/uploads\/2023\/06\/Il-presidente-Marcello-Novelli-e-Vice-Presidente-Ughetta-Saturnini-di-AVIS-Citta-di-Castello_960x960-619x619.jpg 619w\" sizes=\"(max-width: 298px) 100vw, 298px\" \/><\/figure><\/div>\n\n\n\n<p>L\u2019AVIS Comunale di Citt\u00e0 di Castello lancia il suo appello ribadendo che al momento c\u2019\u00e8 un grande carenza di sangue in Umbria dovuta ad un forte aumento dei consumi. Infatti nonostante le donazioni siano in aumento rispetto allo stesso periodo del 2022 (+ 42 donazioni dato aggiornato al 31 maggio), negli ultimi mesi \u00e8 notevole l\u2019aumento della richiesta di sangue negli ospedali dell\u2019Umbria.<\/p>\n\n\n\n<!--more-->\n\n\n\n<p>Per questo motivo chiediamo a tutti i cittadini che possono farlo, di donare il sangue soprattutto considerando che in questo periodo dell&#8217;anno, a seguito delle vacanze estive, si registra spesso un calo di donazioni mentre non calano i bisogni dei malati che hanno bisogno di cure costanti. Data dunque la grande necessit\u00e0 di nuovi donatori periodici, invitiamo tutti coloro che si trovano in buona salute e hanno un et\u00e0 compresa tra i 18 e 65 anni a venirci a trovare presso il nostro ufficio o a chiamarci per avere tutte le informazioni necessarie. Con l\u2019occasione l\u2019AVIS Comunale di Citt\u00e0 di Castello informa che il suo ufficio si \u00e8 trasferito in Via Gregorio Tifernate n.9 vicino all\u2019Autoscuola Tiberina ed \u00e8 aperto dal luned\u00ec al sabato dalle 8,00 alle 12,00 ed \u00e8 possibile contattarci anche telefonicamente ai numeri 0758553396 e 3666735431 o via email: <a href=\"mailto:aviscittadicastello@avisumbria.it\">aviscittadicastello@avisumbria.it<\/a>.<\/p>\n","protected":false},"excerpt":{"rendered":"<p>L\u2019AVIS Comunale di Citt\u00e0 di Castello lancia il suo appello ribadendo che al momento c\u2019\u00e8 un grande carenza di sangue in Umbria dovuta ad un forte aumento dei consumi. Infatti nonostante le donazioni siano in aumento rispetto allo stesso periodo del 2022 (+ 42 donazioni dato aggiornato al 31 maggio), negli ultimi mesi \u00e8 notevole [&hellip;]<\/p>\n","protected":false},"author":1,"featured_media":0,"comment_status":"open","ping_status":"open","sticky":false,"template":"","format":"standard","meta":{"_joinchat":[]},"categories":[1],"tags":[],"_links":{"self":[{"href":"https:\/\/www.radioribelle.it\/index.php\/wp-json\/wp\/v2\/posts\/16358"}],"collection":[{"href":"https:\/\/www.radioribelle.it\/index.php\/wp-json\/wp\/v2\/posts"}],"about":[{"href":"https:\/\/www.radioribelle.it\/index.php\/wp-json\/wp\/v2\/types\/post"}],"author":[{"embeddable":true,"href":"https:\/\/www.radioribelle.it\/index.php\/wp-json\/wp\/v2\/users\/1"}],"replies":[{"embeddable":true,"href":"https:\/\/www.radioribelle.it\/index.php\/wp-json\/wp\/v2\/comments?post=16358"}],"version-history":[{"count":2,"href":"https:\/\/www.radioribelle.it\/index.php\/wp-json\/wp\/v2\/posts\/16358\/revisions"}],"predecessor-version":[{"id":16361,"href":"https:\/\/www.radioribelle.it\/index.php\/wp-json\/wp\/v2\/posts\/16358\/revisions\/16361"}],"wp:attachment":[{"href":"https:\/\/www.radioribelle.it\/index.php\/wp-json\/wp\/v2\/media?parent=16358"}],"wp:term":[{"taxonomy":"category","embeddable":true,"href":"https:\/\/www.radioribelle.it\/index.php\/wp-json\/wp\/v2\/categories?post=16358"},{"taxonomy":"post_tag","embeddable":true,"href":"https:\/\/www.radioribelle.it\/index.php\/wp-json\/wp\/v2\/tags?post=16358"}],"curies":[{"name":"wp","href":"https:\/\/api.w.org\/{rel}","templated":true}]}}