{"id":17009,"date":"2023-07-17T14:03:00","date_gmt":"2023-07-17T12:03:00","guid":{"rendered":"https:\/\/www.radioribelle.it\/?p=17009"},"modified":"2023-07-17T11:35:41","modified_gmt":"2023-07-17T09:35:41","slug":"casa-bruschi-incontra-larte-lezioni-di-yoga","status":"publish","type":"post","link":"https:\/\/www.radioribelle.it\/index.php\/2023\/07\/17\/casa-bruschi-incontra-larte-lezioni-di-yoga\/","title":{"rendered":"Casa Bruschi, incontra l\u2019arte Lezioni di yoga"},"content":{"rendered":"\n<div class=\"wp-block-image\"><figure class=\"alignleft size-large is-resized\"><img loading=\"lazy\" src=\"https:\/\/www.radioribelle.it\/wp-content\/uploads\/2023\/07\/Yoga-ad-Arte-1-1024x577.jpg\" alt=\"\" class=\"wp-image-17010\" width=\"352\" height=\"198\" srcset=\"https:\/\/www.radioribelle.it\/wp-content\/uploads\/2023\/07\/Yoga-ad-Arte-1-1024x577.jpg 1024w, https:\/\/www.radioribelle.it\/wp-content\/uploads\/2023\/07\/Yoga-ad-Arte-1-300x169.jpg 300w, https:\/\/www.radioribelle.it\/wp-content\/uploads\/2023\/07\/Yoga-ad-Arte-1-768x432.jpg 768w, https:\/\/www.radioribelle.it\/wp-content\/uploads\/2023\/07\/Yoga-ad-Arte-1-1536x865.jpg 1536w, https:\/\/www.radioribelle.it\/wp-content\/uploads\/2023\/07\/Yoga-ad-Arte-1-2048x1153.jpg 2048w, https:\/\/www.radioribelle.it\/wp-content\/uploads\/2023\/07\/Yoga-ad-Arte-1-619x348.jpg 619w\" sizes=\"(max-width: 352px) 100vw, 352px\" \/><\/figure><\/div>\n\n\n\n<p><em>Arezzo<\/em> &#8211; Gioved\u00ec 20 luglio alle 20,30 nuovo appuntamento nel suggestivo scenario delle terrazze di Casa Bruschi dove la pratica dello yoga incontra l\u2019arte Lezioni di yoga al tramonto con il panorama della Pieve e del centro storico di Arezzo a fare da scenario: gioved\u00ec 20 luglio alle ore 20,30 secondo appuntamento di \u201cYOGA AD ARTE\u201d, organizzato dalla Fondazione Ivan Bruschi<\/p>\n\n\n\n<!--more-->\n\n\n\n<p>Le lezioni, di circa un\u2019ora e mezzo ciascuna, si svolgono nella terrazza panoramica della Casa Museo e sono guidate dal Maestro Giuseppe Storani che da oltre 20 anni pratica questa disciplina ed ha partecipato a corsi di formazione per insegnanti conseguendo il diploma di Odaka yoga e di Ashtanga.<\/p>\n\n\n\n<p>\u201c<em>Durante questi speciali appuntamenti per gli appassionati di yoga<\/em> \u2013 anticipa il Maestro Storani &#8211; <em>svolger\u00f2 tre lezioni diverse. Nella prima serata proporr\u00f2 un lavoro mirato a liberare le tensioni alle anche, alleviare i dolori alla zona lombare, donare flessibilit\u00e0 alle gambe e connettere e riequilibrare il flusso emotivo; la seconda sar\u00e0 una lezione dedicata al vinyasa yoga e l\u2019ultima all\u2019ashtanga yoga\u201d.<\/em><\/p>\n\n\n\n<p>Questa la seconda di quattro serate che si svolgeranno anche il 27 luglio e il 3 agosto.<\/p>\n\n\n\n<p>Il costo di ogni appuntamento \u00e8 di \u20ac 12 a persona e comprende anche la possibilit\u00e0 di visitare la Casa Museo Bruschi, con il nuovo allestimento con le opere da Pontormo a Fattori e la mostra fotografica <em>\u201cLa sottilit\u00e0 dell\u2019aria\u201d. Arezzo e il suo territorio negli Archivi Alinari<\/em> allestita a Casa Bruschi fino al 31 ottobre 2023.<\/p>\n\n\n\n<p>In considerazione dei posti limitati per ciascuna serata, si consiglia la prenotazione chiamando il numero 0575 354126 o scrivendo a <a href=\"mailto:info@fondazioneivanbruschi.it\">info@fondazioneivanbruschi.it<\/a>.<\/p>\n","protected":false},"excerpt":{"rendered":"<p>Arezzo &#8211; Gioved\u00ec 20 luglio alle 20,30 nuovo appuntamento nel suggestivo scenario delle terrazze di Casa Bruschi dove la pratica dello yoga incontra l\u2019arte Lezioni di yoga al tramonto con il panorama della Pieve e del centro storico di Arezzo a fare da scenario: gioved\u00ec 20 luglio alle ore 20,30 secondo appuntamento di \u201cYOGA AD [&hellip;]<\/p>\n","protected":false},"author":1,"featured_media":0,"comment_status":"open","ping_status":"open","sticky":false,"template":"","format":"standard","meta":{"_joinchat":[]},"categories":[1],"tags":[],"_links":{"self":[{"href":"https:\/\/www.radioribelle.it\/index.php\/wp-json\/wp\/v2\/posts\/17009"}],"collection":[{"href":"https:\/\/www.radioribelle.it\/index.php\/wp-json\/wp\/v2\/posts"}],"about":[{"href":"https:\/\/www.radioribelle.it\/index.php\/wp-json\/wp\/v2\/types\/post"}],"author":[{"embeddable":true,"href":"https:\/\/www.radioribelle.it\/index.php\/wp-json\/wp\/v2\/users\/1"}],"replies":[{"embeddable":true,"href":"https:\/\/www.radioribelle.it\/index.php\/wp-json\/wp\/v2\/comments?post=17009"}],"version-history":[{"count":1,"href":"https:\/\/www.radioribelle.it\/index.php\/wp-json\/wp\/v2\/posts\/17009\/revisions"}],"predecessor-version":[{"id":17011,"href":"https:\/\/www.radioribelle.it\/index.php\/wp-json\/wp\/v2\/posts\/17009\/revisions\/17011"}],"wp:attachment":[{"href":"https:\/\/www.radioribelle.it\/index.php\/wp-json\/wp\/v2\/media?parent=17009"}],"wp:term":[{"taxonomy":"category","embeddable":true,"href":"https:\/\/www.radioribelle.it\/index.php\/wp-json\/wp\/v2\/categories?post=17009"},{"taxonomy":"post_tag","embeddable":true,"href":"https:\/\/www.radioribelle.it\/index.php\/wp-json\/wp\/v2\/tags?post=17009"}],"curies":[{"name":"wp","href":"https:\/\/api.w.org\/{rel}","templated":true}]}}