{"id":17151,"date":"2023-07-21T08:40:00","date_gmt":"2023-07-21T06:40:00","guid":{"rendered":"https:\/\/www.radioribelle.it\/?p=17151"},"modified":"2023-07-22T08:38:30","modified_gmt":"2023-07-22T06:38:30","slug":"fabrizio-de-andre-la-storia","status":"publish","type":"post","link":"https:\/\/www.radioribelle.it\/index.php\/2023\/07\/21\/fabrizio-de-andre-la-storia\/","title":{"rendered":"Fabrizio De Andr\u00e9, la Storia"},"content":{"rendered":"\n<div class=\"wp-block-image\"><figure class=\"alignright size-large is-resized\"><img loading=\"lazy\" src=\"https:\/\/www.radioribelle.it\/wp-content\/uploads\/2023\/07\/De-Andre\u0301-la-storia--1024x538.jpg\" alt=\"\" class=\"wp-image-17152\" width=\"299\" height=\"157\" srcset=\"https:\/\/www.radioribelle.it\/wp-content\/uploads\/2023\/07\/De-Andre\u0301-la-storia--1024x538.jpg 1024w, https:\/\/www.radioribelle.it\/wp-content\/uploads\/2023\/07\/De-Andre\u0301-la-storia--300x158.jpg 300w, https:\/\/www.radioribelle.it\/wp-content\/uploads\/2023\/07\/De-Andre\u0301-la-storia--768x403.jpg 768w, https:\/\/www.radioribelle.it\/wp-content\/uploads\/2023\/07\/De-Andre\u0301-la-storia--619x325.jpg 619w, https:\/\/www.radioribelle.it\/wp-content\/uploads\/2023\/07\/De-Andre\u0301-la-storia-.jpg 1200w\" sizes=\"(max-width: 299px) 100vw, 299px\" \/><\/figure><\/div>\n\n\n\n<p>LIVORNO &#8211;  \u00a0 Marted\u00ec 25 luglio 2023 alle 21,30 alla\u00a0Fortezza Vecchia di Livorno\u00a0andr\u00e0 in scena lo spettacolo De Andr\u00e9, la Storia: un\u2019avventura musicale emozionante per conoscere il pensiero, dell\u2019opera e della vita di Fabrizio De Andr\u00e9.<\/p>\n\n\n\n<!--more-->\n\n\n\n<p>\u201c\u00c8 una grande emozione poter lavorare e ideare uno spettacolo basato su una figura cos\u00ec imponente del panorama musicale e intellettuale. L\u2019arte e la musica svolgono nella vita delle persone un ruolo fondamentale, che Fabrizio ha saputo coniugare con una rara indipendenza e profondit\u00e0 di pensiero. &#8211; Dichiara il regista\u00a0Emiliano Galigani-. Oggi De Andr\u00e8 \u00e8 pi\u00f9 seguito ed amato che mai, le sue canzoni restano attuali. Abbiamo voluto dedicare uno spettacolo a un musicista e poeta visionario, proseguendo una ricerca che portiamo avanti dal 2016. Questo spettacolo non \u00e8 solo un modo di ascoltare i brani di Fabrizio, ma anche una possibilit\u00e0 di narrare la sua influenza storica, la sua continua conversazione con il tempo\u201d. Fabrizio De Andr\u00e9 \u00e8 stato uno dei primi a portare la canzone italiana verso la modernit\u00e0, ha cambiato le regole delle canzoni, ha mescolato la storia e l&#8217;intelletto con il canto popolare, il sacro e il profano, la cultura alta e bassa con una libert\u00e0 di espressione senza pari. Grazie a un grande interprete, una band eccezionale ed a video esclusivi, questo spettacolo ripercorre quarant\u2019anni di attivit\u00e0 artistica di Fabrizio De Andr\u00e9, raccontando un\u2019epoca storica e il clima sociale e politico di un periodo, l\u2019atmosfera e il sapore di un mondo e di come un visionario lo abbia attraversato, raccontando magistralmente noi stessi, oggi. \u201cGrazie a un grande interprete e a video di archivio esclusivi questa nuova produzione ripercorre quarant\u2019anni di attivit\u00e0 artistica di Fabrizio De Andr\u00e9, raccontando un\u2019epoca storica e il clima sociale e politico di quel periodo, l\u2019atmosfera e il sapore di un mondo.\u201d Aggiunge Galigani.<\/p>\n","protected":false},"excerpt":{"rendered":"<p>LIVORNO &#8211; \u00a0 Marted\u00ec 25 luglio 2023 alle 21,30 alla\u00a0Fortezza Vecchia di Livorno\u00a0andr\u00e0 in scena lo spettacolo De Andr\u00e9, la Storia: un\u2019avventura musicale emozionante per conoscere il pensiero, dell\u2019opera e della vita di Fabrizio De Andr\u00e9.<\/p>\n","protected":false},"author":1,"featured_media":0,"comment_status":"open","ping_status":"open","sticky":false,"template":"","format":"standard","meta":{"_joinchat":[]},"categories":[1],"tags":[],"_links":{"self":[{"href":"https:\/\/www.radioribelle.it\/index.php\/wp-json\/wp\/v2\/posts\/17151"}],"collection":[{"href":"https:\/\/www.radioribelle.it\/index.php\/wp-json\/wp\/v2\/posts"}],"about":[{"href":"https:\/\/www.radioribelle.it\/index.php\/wp-json\/wp\/v2\/types\/post"}],"author":[{"embeddable":true,"href":"https:\/\/www.radioribelle.it\/index.php\/wp-json\/wp\/v2\/users\/1"}],"replies":[{"embeddable":true,"href":"https:\/\/www.radioribelle.it\/index.php\/wp-json\/wp\/v2\/comments?post=17151"}],"version-history":[{"count":1,"href":"https:\/\/www.radioribelle.it\/index.php\/wp-json\/wp\/v2\/posts\/17151\/revisions"}],"predecessor-version":[{"id":17153,"href":"https:\/\/www.radioribelle.it\/index.php\/wp-json\/wp\/v2\/posts\/17151\/revisions\/17153"}],"wp:attachment":[{"href":"https:\/\/www.radioribelle.it\/index.php\/wp-json\/wp\/v2\/media?parent=17151"}],"wp:term":[{"taxonomy":"category","embeddable":true,"href":"https:\/\/www.radioribelle.it\/index.php\/wp-json\/wp\/v2\/categories?post=17151"},{"taxonomy":"post_tag","embeddable":true,"href":"https:\/\/www.radioribelle.it\/index.php\/wp-json\/wp\/v2\/tags?post=17151"}],"curies":[{"name":"wp","href":"https:\/\/api.w.org\/{rel}","templated":true}]}}