{"id":18045,"date":"2023-08-25T11:35:00","date_gmt":"2023-08-25T09:35:00","guid":{"rendered":"https:\/\/www.radioribelle.it\/?p=18045"},"modified":"2023-08-24T18:23:04","modified_gmt":"2023-08-24T16:23:04","slug":"premio-citta-del-diario-2023","status":"publish","type":"post","link":"https:\/\/www.radioribelle.it\/index.php\/2023\/08\/25\/premio-citta-del-diario-2023\/","title":{"rendered":"Premio Citt\u00e0 del diario 2023"},"content":{"rendered":"\n<div class=\"wp-block-image\"><figure class=\"alignleft size-full is-resized\"><img loading=\"lazy\" src=\"https:\/\/www.radioribelle.it\/wp-content\/uploads\/2023\/08\/EzioMauro-foto-GiacomoMaestri.jpg\" alt=\"\" class=\"wp-image-18046\" width=\"289\" height=\"162\" srcset=\"https:\/\/www.radioribelle.it\/wp-content\/uploads\/2023\/08\/EzioMauro-foto-GiacomoMaestri.jpg 1024w, https:\/\/www.radioribelle.it\/wp-content\/uploads\/2023\/08\/EzioMauro-foto-GiacomoMaestri-300x169.jpg 300w, https:\/\/www.radioribelle.it\/wp-content\/uploads\/2023\/08\/EzioMauro-foto-GiacomoMaestri-768x432.jpg 768w, https:\/\/www.radioribelle.it\/wp-content\/uploads\/2023\/08\/EzioMauro-foto-GiacomoMaestri-619x348.jpg 619w\" sizes=\"(max-width: 289px) 100vw, 289px\" \/><\/figure><\/div>\n\n\n\n<p>PIEVE SANTO STEFANO &#8211; La passione per la storia, la scelta del metodo giornalistico come schema privilegiato di indagine e racconto, l\u2019attenzione sempre rivolta ai veri protagonisti dell\u2019et\u00e0 contemporanea: gli uomini, le donne, le \u201cmasse\u201d che hanno animato, spesso subito, le grandi guerre e le ondate migratorie, le metamorfosi della politica, i progressi e i rovesci della societ\u00e0 e dell\u2019economia.<\/p>\n\n\n\n<!--more-->\n\n\n\n<p>Muovendo da questo patrimonio di valori condivisi, l\u2019Archivio attribuisce a&nbsp;Ezio Mauro&nbsp;il&nbsp;Premio Citt\u00e0 del diario 2023, il riconoscimento rivolto alle personalit\u00e0 del panorama culturale che pi\u00f9 si distinguono per il loro lavoro sulla memoria. Nell\u2019anno del centenario dalla nascita del fondatore dell\u2019Archivio, Saverio Tutino, la presenza di Mauro a Pieve Santo Stefano riveste un alto valore simbolico, rintracciabile nella radice che accomuna l\u2019esperienza del \u201cvivaio della memoria\u201d e quella de \u201cla Repubblica\u201d, il quotidiano che dal 1976 annovera Tutino come inviato speciale quale esperto di politica internazionale, e che successivamente Mauro diriger\u00e0 per ben vent\u2019anni, dal 1996 al 2016. Quella radice comune \u00e8 la persona: il lettore, il diarista, sono posti al centro di progetti culturali che richiedono reciprocit\u00e0, che chiedono loro di esprimersi, di diventare protagonisti della storia e del presente, di costruire una comunit\u00e0 identitaria. Una comunit\u00e0 che, per utilizzare le parole di Mauro, non si fonda sul \u201ccon chi stai\u201d ma sul \u201cchi sei\u201d.<br>Dopo aver lasciato il timone di Repubblica, Mauro ha trasferito questi stessi valori in prestigiosi progetti editoriali e documentaristici, raccontando alcune tra le pagine pi\u00f9 importanti e controverse del Novecento: dall\u2019avvento alla caduta del Fascismo in Italia alla rivoluzione in Russia, alla caduta del Muro di Berlino, anche attingendo alle fonti diaristiche per completare l\u2019affresco della grande storia con un punto di vista ormai divenuto imprescindibile, quello delle persone comuni.&nbsp;Il premio Citt\u00e0 del diario a Ezio Mauro verr\u00e0 consegnato&nbsp;domenica 17 settembre&nbsp;ore 16.00 al Campo alla Fiera, via della Verna 11, durante l\u2019evento&nbsp;Memorie in piazza &#8211;&nbsp;Otto racconti autobiografici, manifestazione conclusiva del&nbsp; 39\u00b0 Premio Pieve Saverio Tutino.&nbsp;<\/p>\n","protected":false},"excerpt":{"rendered":"<p>PIEVE SANTO STEFANO &#8211; La passione per la storia, la scelta del metodo giornalistico come schema privilegiato di indagine e racconto, l\u2019attenzione sempre rivolta ai veri protagonisti dell\u2019et\u00e0 contemporanea: gli uomini, le donne, le \u201cmasse\u201d che hanno animato, spesso subito, le grandi guerre e le ondate migratorie, le metamorfosi della politica, i progressi e i [&hellip;]<\/p>\n","protected":false},"author":1,"featured_media":0,"comment_status":"open","ping_status":"open","sticky":false,"template":"","format":"standard","meta":{"_joinchat":[]},"categories":[1],"tags":[],"_links":{"self":[{"href":"https:\/\/www.radioribelle.it\/index.php\/wp-json\/wp\/v2\/posts\/18045"}],"collection":[{"href":"https:\/\/www.radioribelle.it\/index.php\/wp-json\/wp\/v2\/posts"}],"about":[{"href":"https:\/\/www.radioribelle.it\/index.php\/wp-json\/wp\/v2\/types\/post"}],"author":[{"embeddable":true,"href":"https:\/\/www.radioribelle.it\/index.php\/wp-json\/wp\/v2\/users\/1"}],"replies":[{"embeddable":true,"href":"https:\/\/www.radioribelle.it\/index.php\/wp-json\/wp\/v2\/comments?post=18045"}],"version-history":[{"count":2,"href":"https:\/\/www.radioribelle.it\/index.php\/wp-json\/wp\/v2\/posts\/18045\/revisions"}],"predecessor-version":[{"id":18049,"href":"https:\/\/www.radioribelle.it\/index.php\/wp-json\/wp\/v2\/posts\/18045\/revisions\/18049"}],"wp:attachment":[{"href":"https:\/\/www.radioribelle.it\/index.php\/wp-json\/wp\/v2\/media?parent=18045"}],"wp:term":[{"taxonomy":"category","embeddable":true,"href":"https:\/\/www.radioribelle.it\/index.php\/wp-json\/wp\/v2\/categories?post=18045"},{"taxonomy":"post_tag","embeddable":true,"href":"https:\/\/www.radioribelle.it\/index.php\/wp-json\/wp\/v2\/tags?post=18045"}],"curies":[{"name":"wp","href":"https:\/\/api.w.org\/{rel}","templated":true}]}}