{"id":18416,"date":"2023-08-29T21:35:48","date_gmt":"2023-08-29T19:35:48","guid":{"rendered":"https:\/\/www.radioribelle.it\/?p=18416"},"modified":"2023-08-29T21:35:50","modified_gmt":"2023-08-29T19:35:50","slug":"a-monte-san-savino-la-giornata-europea-della-cultura-ebraica","status":"publish","type":"post","link":"https:\/\/www.radioribelle.it\/index.php\/2023\/08\/29\/a-monte-san-savino-la-giornata-europea-della-cultura-ebraica\/","title":{"rendered":"A MONTE SAN SAVINO LA GIORNATA EUROPEA DELLA CULTURA EBRAICA"},"content":{"rendered":"\n<div class=\"wp-block-image\"><figure class=\"alignleft size-large is-resized\"><img loading=\"lazy\" src=\"https:\/\/www.radioribelle.it\/wp-content\/uploads\/2023\/08\/Cimitero-cartolina_1280x929-1024x743.jpg\" alt=\"\" class=\"wp-image-18417\" width=\"330\" height=\"239\" srcset=\"https:\/\/www.radioribelle.it\/wp-content\/uploads\/2023\/08\/Cimitero-cartolina_1280x929-1024x743.jpg 1024w, https:\/\/www.radioribelle.it\/wp-content\/uploads\/2023\/08\/Cimitero-cartolina_1280x929-300x218.jpg 300w, https:\/\/www.radioribelle.it\/wp-content\/uploads\/2023\/08\/Cimitero-cartolina_1280x929-768x557.jpg 768w, https:\/\/www.radioribelle.it\/wp-content\/uploads\/2023\/08\/Cimitero-cartolina_1280x929-619x449.jpg 619w, https:\/\/www.radioribelle.it\/wp-content\/uploads\/2023\/08\/Cimitero-cartolina_1280x929.jpg 1280w\" sizes=\"(max-width: 330px) 100vw, 330px\" \/><\/figure><\/div>\n\n\n\n<p>Domenica 3 settembre si celebra anche a Monte San Savino la ventiquattresima Giornata Europea della Cultura Ebraica con un convegno a partire dalle 10:30 presso la sala conferenze del Museo del Cassero, in Piazza Gamurrini, che si concluder\u00e0 con un piccolo rinfresco alle 12:30 (anche Kasher). Ed alle 15:30 con una visita guidata alle antiche vestigia ebraiche (con ritrovo sempre presso il Museo del Cassero) della ex Sinagoga con i due mikveh e dell\u2019antico cimitero ebraico posto a poca distanza dal centro storico.<\/p>\n\n\n\n<!--more-->\n\n\n\n<p><br>La manifestazione apre in tutta la Penisola le porte di sinagoghe, musei e altri siti ebraici alla cittadinanza proponendo centinaia di appuntamenti culturali e di incontro. L\u2019iniziativa, coordinata e promossa nel nostro Paese dall\u2019Unione delle Comunit\u00e0 Ebraiche Italiane, avr\u00e0 quest\u2019anno quale tema conduttore a unire idealmente tutti gli eventi il tema della \u201cbellezza\u201d.<br>Il titolo del convegno a Monte San Savino \u00e8 \u201cEstetica ed etica nell\u2019ebraismo ma non solo\u2026\u201d nel quale si affronter\u00e0 il tema della bellezza cercandola, nell\u2019ebraismo, in pensieri, azioni, esperienze di relazione che ci invitano a fare il bene. I testi biblici ci invitano ad interpretarli all\u2019infinito, con molteplici combinazioni di significati e di sviluppi. Cos\u00ec come l\u2019articolo 3 della Costituzione Italiana ci chiede di partecipare con le nostre azioni a rendere la societ\u00e0 pi\u00f9 giusta e quindi pi\u00f9 bella.<br>Accompageranno in questa ricerca della bellezza: Irene Stolzi, professoressa ordinaria di storia del diritto presso l\u2019Universit\u00e0 degli Studi di Firenze, Stefano Levi della Torre, gi\u00e0 docente alla scuola di architettura del Politecnico di Milano, pittore, scrittore e studioso di ebraismo, Gadi Fernando Piperno Rabbino capo della comunit\u00e0 di Firenze.<br>Le iniziative aperte a tutti si svolgono con il patrocinio dell\u2019Amministrazione Comunale di Monte San Savino, dell\u2019Azienda Monteservizi, della Comunit\u00e0 Ebraica di Firenze e sono ad ingresso libero.<br>Il Comitato Amici di Salomon Fiorentino, ricostituito di recente sulle orme di una precedente associazione, si occupa con l\u2019Amministrazione Comunale savinese ed con altri enti ed associazioni di preservare e valorizzare il patrimonio artistico e culturale della antica comunit\u00e0 ebraica di Monte San Savino.<br>Esistono ancora oggi vestigia ben conservate di questa presenza: la sinagoga, il bagno rituale (mikveh), l\u2019antico cimitero ebraico e una via nel centro storico, l\u2019antico \u201cghetto\u201d, dedicata oggi a Salomon Fiorentino. Il poeta nato a Monte San Savino nel 1743 fu il primo italiano di religione ebraica a figurare nella letteratura italiana, come risulta dalla \u201cCrestomazia italiana\u201d di Giacomo Leopardi.<br>Inoltre il Comitato Amici di Salomon Fiorentino ha in corso collaborazioni con le scuole primarie di Monte San Savino e Civitella in Val di Chiana, e attraverso attivit\u00e0 di laboratorio e l\u2019uso del linguaggio del teatro accompagna gli studenti in un viaggio di scoperta, osservazione, sperimentazione ed elaborazione dei concetti di identit\u00e0, cultura e memoria.<\/p>\n\n\n\n<p>Comitato Amici Salomon Fiorentino                                         Info: cultura@citymonte.it<\/p>\n","protected":false},"excerpt":{"rendered":"<p>Domenica 3 settembre si celebra anche a Monte San Savino la ventiquattresima Giornata Europea della Cultura Ebraica con un convegno a partire dalle 10:30 presso la sala conferenze del Museo del Cassero, in Piazza Gamurrini, che si concluder\u00e0 con un piccolo rinfresco alle 12:30 (anche Kasher). Ed alle 15:30 con una visita guidata alle antiche [&hellip;]<\/p>\n","protected":false},"author":1,"featured_media":0,"comment_status":"open","ping_status":"open","sticky":false,"template":"","format":"standard","meta":{"_joinchat":[]},"categories":[1],"tags":[],"_links":{"self":[{"href":"https:\/\/www.radioribelle.it\/index.php\/wp-json\/wp\/v2\/posts\/18416"}],"collection":[{"href":"https:\/\/www.radioribelle.it\/index.php\/wp-json\/wp\/v2\/posts"}],"about":[{"href":"https:\/\/www.radioribelle.it\/index.php\/wp-json\/wp\/v2\/types\/post"}],"author":[{"embeddable":true,"href":"https:\/\/www.radioribelle.it\/index.php\/wp-json\/wp\/v2\/users\/1"}],"replies":[{"embeddable":true,"href":"https:\/\/www.radioribelle.it\/index.php\/wp-json\/wp\/v2\/comments?post=18416"}],"version-history":[{"count":1,"href":"https:\/\/www.radioribelle.it\/index.php\/wp-json\/wp\/v2\/posts\/18416\/revisions"}],"predecessor-version":[{"id":18418,"href":"https:\/\/www.radioribelle.it\/index.php\/wp-json\/wp\/v2\/posts\/18416\/revisions\/18418"}],"wp:attachment":[{"href":"https:\/\/www.radioribelle.it\/index.php\/wp-json\/wp\/v2\/media?parent=18416"}],"wp:term":[{"taxonomy":"category","embeddable":true,"href":"https:\/\/www.radioribelle.it\/index.php\/wp-json\/wp\/v2\/categories?post=18416"},{"taxonomy":"post_tag","embeddable":true,"href":"https:\/\/www.radioribelle.it\/index.php\/wp-json\/wp\/v2\/tags?post=18416"}],"curies":[{"name":"wp","href":"https:\/\/api.w.org\/{rel}","templated":true}]}}