{"id":1850,"date":"2022-06-10T13:02:00","date_gmt":"2022-06-10T11:02:00","guid":{"rendered":"https:\/\/www.radioribelle.it\/?p=1850"},"modified":"2022-06-10T11:37:27","modified_gmt":"2022-06-10T09:37:27","slug":"stop-ai-buoni-pasto-per-24-ore","status":"publish","type":"post","link":"https:\/\/www.radioribelle.it\/index.php\/2022\/06\/10\/stop-ai-buoni-pasto-per-24-ore\/","title":{"rendered":"STOP AI BUONI PASTO PER 24 ORE"},"content":{"rendered":"\n<div class=\"wp-block-image\"><figure class=\"alignleft size-full\"><img loading=\"lazy\" width=\"293\" height=\"172\" src=\"https:\/\/www.radioribelle.it\/wp-content\/uploads\/2022\/06\/pasti.jpg\" alt=\"\" class=\"wp-image-1851\"\/><\/figure><\/div>\n\n\n\n<p>Mercoled\u00ec 15 giugno anche in provincia di Arezzo STOP AI BUONI PASTO PER 24 ORE <em>I titolari di bar e ristoranti si mobilitano insieme ai colleghi di tutta Italia per la manifestazione di protesta contro le aziende emettitrici dei \u201cticket\u201d: \u201cper garantire il servizio bisogna renderlo economicamente sostenibile\u201d<\/em><\/p>\n\n\n\n<!--more-->\n\n\n\n<p>Mercoled\u00ec 15 giugno anche in provincia di Arezzo tutti i bar e i ristoranti faranno \u201csciopero dei buoni pasto\u201d. Ovvero, per l\u2019intera giornata nessun locale accetter\u00e0 questa forma di pagamento. Un blocco necessario per far arrivare alle istituzioni l\u2019appello, troppe volte ignorato, per una strutturale riforma di un sistema che non \u00e8 pi\u00f9 economicamente sostenibile, per via di commissioni arrivate ormai al 20%.La protesta, che vedr\u00e0 mobilitati i pubblici esercizi aretini insieme a quelli di tutta Italia, \u00e8 stata organizzata dalle federazioni del settore, ma coinvolger\u00e0 anche le imprese della distribuzione commerciale, dai piccoli esercizi di vicinato fino a supermercati e ipermercati della distribuzione organizzata.<em>\u201cCon questa giornata di sospensione del servizio vogliamo sensibilizzare i lavoratori e pi\u00f9 in generale i consumatori sulle gravissime difficolt\u00e0 che le imprese vivono quotidianamente a causa delle elevate commissioni che devono pagare sui buoni pasto<\/em>\u00a0\u2013 dichiara\u00a0la vicedirettrice della Confcommercio aretina Catiuscia Fei. \u201c<em>Si tratta di una vera e propria tassa occulta che supera anche il 20% del valore del buono. Se va avanti cos\u00ec sempre meno aziende saranno disposte ad accettarli, anche perch\u00e9 gi\u00e0 devono sopportare l\u2019aumento spropositato dei costi energetici e delle materie prime, non possono farsi carico di oneri ulteriori. Insomma, il buono pasto rischia di diventare inutilizzabile. La questione non riguarda quindi solo le imprese ma riguarda anche e soprattutto i lavoratori che li ricevono come forma di pagamento e servizio sostitutivo di mensa<\/em>\u201d, spiega. \u201c<em>\u00c8 loro, prima di altri, che il sistema prende in giro: con le aste al ribasso, infatti, si trovano in mano buoni di valore nominale assai inferiore a quello pattuito e scritto. Ci vuole un intervento deciso di Governo e istituzioni per mettere la parola fine ad un problema che dura da troppo tempo\u201d.\u201cCrediamo che il valore dei buoni pasto non debba essere ridotto\u201d,<\/em>\u00a0aggiunge la direttrice di Confesercenti Valeria Alvisi<em>. \u201cUna tassa occulta di oltre il 20% \u00e8 quello che ogni attivit\u00e0 si trova a pagare ricevendolo. Con la protesta di mercoled\u00ec 15 giugno le imprese aderenti non accetteranno i ticket per testimoniare la loro contrariet\u00e0 chiedendo di eliminare le gravose commissioni pagate dagli esercizi presso i quali i buoni pasto vengono utilizzati. Vogliamo che sia assicurato il valore nominale del ticket. Serve un intervento risolutivo affinch\u00e9 un buono pasto da 8 euro valga 8 euro anche per l\u2019esercente e non sia ridotto\u00a0da commissioni eccessive. Inoltre, serve definire tempi certi di rimborso da parte delle societ\u00e0 emettitrici\u201d.<\/em>Per avvertire i clienti e condividere le ragioni della mobilitazione, gi\u00e0 in questi giorni baristi, ristoratori e alimentaristi stanno affiggendo l\u2019apposita\u00a0<a rel=\"noreferrer noopener\" href=\"https:\/\/drive.google.com\/file\/d\/1vTPsmpK0KnzU_kkrS2TVbaE9DCfCr7aO\/view?usp=sharing\" target=\"_blank\">locandina<\/a>.\u00a0 \u201cGentile Cliente, conosci il nostro impegno per darti un servizio semplice, comodo e veloce. Per questo abbiamo sempre accettato i pagamenti con i buoni pasto. Oggi &#8211; si spiega nel manifesto &#8211; non lo facciamo, per queste ragioni: 1) le commissioni a carico di noi esercenti sono insostenibili. Per ogni buono da 8,00\u20ac ne incassiamo poco pi\u00f9 di 6,00\u20ac; 2) vogliamo difendere questo importante strumento per i lavoratori e renderlo sostenibile. Chiediamo una riforma del sistema dei buoni pasto che ci consenta di continuare a offrirti questo servizio\u201d.<strong>i documenti allegati:<\/strong><\/p>\n\n\n\n<ul><li><a href=\"https:\/\/drive.google.com\/file\/d\/1Syz1yofd4rLaZhwVZXWNEaKPVI_e31qX\/view?usp=sharing\" target=\"_blank\" rel=\"noreferrer noopener\"><strong>10 DOMANDE PER CAPIRE PERCH\u00c9 I BUONI PASTO POTREBBERO NON ESSERE PI\u00d9 \u201cBUONI\u201d<\/strong><\/a><\/li><li><a href=\"https:\/\/drive.google.com\/file\/d\/1nUsnaRPsgwr1ptkLq3_HOHE4CvS3oa1Y\/view?usp=sharing\" target=\"_blank\" rel=\"noreferrer noopener\"><strong>INFOGRAFICA SUL MERCATO DEI BUONI PASTO IN ITALIA<\/strong><\/a><\/li><\/ul>\n","protected":false},"excerpt":{"rendered":"<p>Mercoled\u00ec 15 giugno anche in provincia di Arezzo STOP AI BUONI PASTO PER 24 ORE I titolari di bar e ristoranti si mobilitano insieme ai colleghi di tutta Italia per la manifestazione di protesta contro le aziende emettitrici dei \u201cticket\u201d: \u201cper garantire il servizio bisogna renderlo economicamente sostenibile\u201d<\/p>\n","protected":false},"author":1,"featured_media":0,"comment_status":"open","ping_status":"open","sticky":false,"template":"","format":"standard","meta":{"_joinchat":[]},"categories":[1],"tags":[],"_links":{"self":[{"href":"https:\/\/www.radioribelle.it\/index.php\/wp-json\/wp\/v2\/posts\/1850"}],"collection":[{"href":"https:\/\/www.radioribelle.it\/index.php\/wp-json\/wp\/v2\/posts"}],"about":[{"href":"https:\/\/www.radioribelle.it\/index.php\/wp-json\/wp\/v2\/types\/post"}],"author":[{"embeddable":true,"href":"https:\/\/www.radioribelle.it\/index.php\/wp-json\/wp\/v2\/users\/1"}],"replies":[{"embeddable":true,"href":"https:\/\/www.radioribelle.it\/index.php\/wp-json\/wp\/v2\/comments?post=1850"}],"version-history":[{"count":1,"href":"https:\/\/www.radioribelle.it\/index.php\/wp-json\/wp\/v2\/posts\/1850\/revisions"}],"predecessor-version":[{"id":1852,"href":"https:\/\/www.radioribelle.it\/index.php\/wp-json\/wp\/v2\/posts\/1850\/revisions\/1852"}],"wp:attachment":[{"href":"https:\/\/www.radioribelle.it\/index.php\/wp-json\/wp\/v2\/media?parent=1850"}],"wp:term":[{"taxonomy":"category","embeddable":true,"href":"https:\/\/www.radioribelle.it\/index.php\/wp-json\/wp\/v2\/categories?post=1850"},{"taxonomy":"post_tag","embeddable":true,"href":"https:\/\/www.radioribelle.it\/index.php\/wp-json\/wp\/v2\/tags?post=1850"}],"curies":[{"name":"wp","href":"https:\/\/api.w.org\/{rel}","templated":true}]}}