{"id":19629,"date":"2023-10-04T11:41:00","date_gmt":"2023-10-04T09:41:00","guid":{"rendered":"https:\/\/www.radioribelle.it\/?p=19629"},"modified":"2023-10-03T21:37:50","modified_gmt":"2023-10-03T19:37:50","slug":"primo-mese-di-successi-per-il-tc23","status":"publish","type":"post","link":"https:\/\/www.radioribelle.it\/index.php\/2023\/10\/04\/primo-mese-di-successi-per-il-tc23\/","title":{"rendered":"PRIMO MESE DI SUCCESSI PER IL TC23"},"content":{"rendered":"\n<div class=\"wp-block-image\"><figure class=\"alignleft size-large is-resized\"><img loading=\"lazy\" src=\"https:\/\/www.radioribelle.it\/wp-content\/uploads\/2023\/10\/DSC08229-1024x683.jpg\" alt=\"\" class=\"wp-image-19630\" width=\"422\" height=\"281\" srcset=\"https:\/\/www.radioribelle.it\/wp-content\/uploads\/2023\/10\/DSC08229-1024x683.jpg 1024w, https:\/\/www.radioribelle.it\/wp-content\/uploads\/2023\/10\/DSC08229-300x200.jpg 300w, https:\/\/www.radioribelle.it\/wp-content\/uploads\/2023\/10\/DSC08229-768x512.jpg 768w, https:\/\/www.radioribelle.it\/wp-content\/uploads\/2023\/10\/DSC08229-1536x1024.jpg 1536w, https:\/\/www.radioribelle.it\/wp-content\/uploads\/2023\/10\/DSC08229-2048x1365.jpg 2048w, https:\/\/www.radioribelle.it\/wp-content\/uploads\/2023\/10\/DSC08229-619x413.jpg 619w\" sizes=\"(max-width: 422px) 100vw, 422px\" \/><\/figure><\/div>\n\n\n\n<p>Visitatori da tutta Italia per la mostra di Giancarlo Berardi Il 9 ottobre segna il primo mese di apertura della mostra &#8220;Un narratore fra le nuvole&#8221; di Giancarlo Berardi, il celebre sceneggiatore italiano, protagonista della 21^ edizione della Mostra di Tiferno Comics.<\/p>\n\n\n\n<!--more-->\n\n\n\n<p> L&#8217;esposizione, che celebra la carriera e il talento di Berardi nel mondo del fumetto, ha attirato l&#8217;attenzione di appassionati e critici d&#8217;arte sin dal suo debutto. Tante le persone che hanno visitato le sale dei due piani di Palazzo Facchinetti dove sono esposte le sue creazioni. Non solo cittadini della Valtiberina, ma tante persone provenienti un po\u2019 da tutta Italia, soprattutto dalle regioni centrali, ma anche tanti appassionati giunti dalla Lombardia e dalla Puglia o addirittura dalla Sardegna. Segno che l\u2019aver scelto uno sceneggiatore come protagonista dell\u2019edizione 2023 della mostra \u00e8 stato un azzardo comunque vincente. Giancarlo Berardi, noto per opere iconiche come &#8220;Ken Parker&#8221; e &#8220;Julia &#8211; Le avventure della criminologa pi\u00f9 sexy del fumetto&#8221;, ha catturato l&#8217;immaginazione di generazioni di lettori con la sua narrativa coinvolgente e i suoi personaggi indimenticabili. La mostra &#8220;Un narratore fra le nuvole&#8221; offre un affascinante viaggio attraverso l&#8217;universo creativo di Berardi, permettendo ai visitatori di immergersi nelle pagine dei suoi capolavori e di scoprire i segreti dietro la creazione di storie indimenticabili. Per rendere l&#8217;evento ancora pi\u00f9 speciale, e festeggiare il primo mese di mostra, domenica 8 ottobre sar\u00e0 ospite nelle Sale dell\u2019esposizione il rinomato disegnatore Fabio Civitelli. La presenza di Civitelli rappresenta un&#8217;opportunit\u00e0 unica per gli appassionati di fumetti di incontrare e dialogare con uno degli artisti pi\u00f9 stimati nel settore. mL&#8217;organizzazione di Tiferno Comics \u00e8 entusiasta di questa straordinaria accoglienza e invita tutti gli appassionati di fumetti e gli amanti dell&#8217;arte a visitare la mostra dal gioved\u00ec alla domenica dalle 10.00 alle 12.00 e dalle 16.00 alle 19.30 e a partecipare all&#8217;evento con Fabio Civitelli che sar\u00e0 presente domenica 8 ottobre negli orari di apertura della mostra.<\/p>\n","protected":false},"excerpt":{"rendered":"<p>Visitatori da tutta Italia per la mostra di Giancarlo Berardi Il 9 ottobre segna il primo mese di apertura della mostra &#8220;Un narratore fra le nuvole&#8221; di Giancarlo Berardi, il celebre sceneggiatore italiano, protagonista della 21^ edizione della Mostra di Tiferno Comics.<\/p>\n","protected":false},"author":1,"featured_media":0,"comment_status":"open","ping_status":"open","sticky":false,"template":"","format":"standard","meta":{"_joinchat":[]},"categories":[1],"tags":[],"_links":{"self":[{"href":"https:\/\/www.radioribelle.it\/index.php\/wp-json\/wp\/v2\/posts\/19629"}],"collection":[{"href":"https:\/\/www.radioribelle.it\/index.php\/wp-json\/wp\/v2\/posts"}],"about":[{"href":"https:\/\/www.radioribelle.it\/index.php\/wp-json\/wp\/v2\/types\/post"}],"author":[{"embeddable":true,"href":"https:\/\/www.radioribelle.it\/index.php\/wp-json\/wp\/v2\/users\/1"}],"replies":[{"embeddable":true,"href":"https:\/\/www.radioribelle.it\/index.php\/wp-json\/wp\/v2\/comments?post=19629"}],"version-history":[{"count":1,"href":"https:\/\/www.radioribelle.it\/index.php\/wp-json\/wp\/v2\/posts\/19629\/revisions"}],"predecessor-version":[{"id":19631,"href":"https:\/\/www.radioribelle.it\/index.php\/wp-json\/wp\/v2\/posts\/19629\/revisions\/19631"}],"wp:attachment":[{"href":"https:\/\/www.radioribelle.it\/index.php\/wp-json\/wp\/v2\/media?parent=19629"}],"wp:term":[{"taxonomy":"category","embeddable":true,"href":"https:\/\/www.radioribelle.it\/index.php\/wp-json\/wp\/v2\/categories?post=19629"},{"taxonomy":"post_tag","embeddable":true,"href":"https:\/\/www.radioribelle.it\/index.php\/wp-json\/wp\/v2\/tags?post=19629"}],"curies":[{"name":"wp","href":"https:\/\/api.w.org\/{rel}","templated":true}]}}