{"id":19669,"date":"2023-10-21T08:07:00","date_gmt":"2023-10-21T06:07:00","guid":{"rendered":"https:\/\/www.radioribelle.it\/?p=19669"},"modified":"2023-10-22T21:31:31","modified_gmt":"2023-10-22T19:31:31","slug":"evento-riforma-della-giustizia-sabato-7-ottobre","status":"publish","type":"post","link":"https:\/\/www.radioribelle.it\/index.php\/2023\/10\/21\/evento-riforma-della-giustizia-sabato-7-ottobre\/","title":{"rendered":"\u00a0Lutto nel mondo del calcio: \u00e8 morto Bobby Charlton"},"content":{"rendered":"\n<div class=\"wp-block-image\"><figure class=\"aligncenter size-large is-resized\"><img loading=\"lazy\" src=\"https:\/\/www.radioribelle.it\/wp-content\/uploads\/2023\/10\/bobby-1024x1024.jpg\" alt=\"\" class=\"wp-image-20299\" width=\"327\" height=\"327\" srcset=\"https:\/\/www.radioribelle.it\/wp-content\/uploads\/2023\/10\/bobby-1024x1024.jpg 1024w, https:\/\/www.radioribelle.it\/wp-content\/uploads\/2023\/10\/bobby-300x300.jpg 300w, https:\/\/www.radioribelle.it\/wp-content\/uploads\/2023\/10\/bobby-150x150.jpg 150w, https:\/\/www.radioribelle.it\/wp-content\/uploads\/2023\/10\/bobby-768x768.jpg 768w, https:\/\/www.radioribelle.it\/wp-content\/uploads\/2023\/10\/bobby-619x619.jpg 619w, https:\/\/www.radioribelle.it\/wp-content\/uploads\/2023\/10\/bobby.jpg 1130w\" sizes=\"(max-width: 327px) 100vw, 327px\" \/><\/figure><\/div>\n\n\n\n<p>Aveva 86 anni, vinse con i Leoni il titolo mondiale del 1966 e con i Red Devils la Coppa dei Campioni due anni dopo Bobby.  Charlton, attaccante di Inghilterra e Manchester United Il mondo del calcio \u00e8 in lutto. All&#8217;et\u00e0 di 86 anni si \u00e8 spento\u00a0Sir Robert Charlton, conosciuto dai pi\u00f9 scome Bobby Charlton. A darne l&#8217;annuncio \u00e8 stata la famiglia, seguita poi dal tweet di cordoglio della Premier League:<\/p>\n\n\n\n<!--more-->\n\n\n\n<p>\u00a0Sir Robert Charlton era nato ad Ashington l\u201911 ottobre 1937. Ricopriva la dodicesima posizione nella speciale classifica dei migliori calciatori del XX secolo pubblicata dalla rivista World Soccer e la decima posizione nella classifica dell\u2019IFFHS. Vinse il Pallone d\u2019oro del 1966 dopo aver conquistato con l\u2019Inghilterra il titolo mondiale nello stesso anno. Bandiera del Manchester United, guid\u00f2 da capitano i Red Devils alla conquista della loro prima Coppa dei Campioni. Fino al 21 maggio 2008 ha anche detenuto il record di presenze (758) con la maglia del club inglese, poi superato da Ryan Giggs. Sopravvisse al disastro aereo di Monaco di Baviera, quando il 6 febbraio 1958 morirono 23 persone. E\u2019 stato nominato cavaliere dalla regina Elisabetta II nel 1994. Dopo aver cessato l\u2019attivit\u00e0 di calciatore, \u00e8 stato per anni un manager sportivo, sempre con i colori dello United. <em>&#8220;Siamo estremamente tristi di sentire la notizia della scomparsa di uno dei pi\u00f9 grandi calciatori nella storia del calcio inglese. Le nostre condoglianze alla famiglia di Sir Bobby e a tutto il Manchester United&#8221;<\/em>, il messaggio dall&#8217;account del massimo campionato inglese.<\/p>\n","protected":false},"excerpt":{"rendered":"<p>Aveva 86 anni, vinse con i Leoni il titolo mondiale del 1966 e con i Red Devils la Coppa dei Campioni due anni dopo Bobby. Charlton, attaccante di Inghilterra e Manchester United Il mondo del calcio \u00e8 in lutto. All&#8217;et\u00e0 di 86 anni si \u00e8 spento\u00a0Sir Robert Charlton, conosciuto dai pi\u00f9 scome Bobby Charlton. A [&hellip;]<\/p>\n","protected":false},"author":1,"featured_media":0,"comment_status":"open","ping_status":"open","sticky":false,"template":"","format":"standard","meta":{"_joinchat":[]},"categories":[1],"tags":[],"_links":{"self":[{"href":"https:\/\/www.radioribelle.it\/index.php\/wp-json\/wp\/v2\/posts\/19669"}],"collection":[{"href":"https:\/\/www.radioribelle.it\/index.php\/wp-json\/wp\/v2\/posts"}],"about":[{"href":"https:\/\/www.radioribelle.it\/index.php\/wp-json\/wp\/v2\/types\/post"}],"author":[{"embeddable":true,"href":"https:\/\/www.radioribelle.it\/index.php\/wp-json\/wp\/v2\/users\/1"}],"replies":[{"embeddable":true,"href":"https:\/\/www.radioribelle.it\/index.php\/wp-json\/wp\/v2\/comments?post=19669"}],"version-history":[{"count":2,"href":"https:\/\/www.radioribelle.it\/index.php\/wp-json\/wp\/v2\/posts\/19669\/revisions"}],"predecessor-version":[{"id":20300,"href":"https:\/\/www.radioribelle.it\/index.php\/wp-json\/wp\/v2\/posts\/19669\/revisions\/20300"}],"wp:attachment":[{"href":"https:\/\/www.radioribelle.it\/index.php\/wp-json\/wp\/v2\/media?parent=19669"}],"wp:term":[{"taxonomy":"category","embeddable":true,"href":"https:\/\/www.radioribelle.it\/index.php\/wp-json\/wp\/v2\/categories?post=19669"},{"taxonomy":"post_tag","embeddable":true,"href":"https:\/\/www.radioribelle.it\/index.php\/wp-json\/wp\/v2\/tags?post=19669"}],"curies":[{"name":"wp","href":"https:\/\/api.w.org\/{rel}","templated":true}]}}