{"id":20065,"date":"2023-10-16T10:25:00","date_gmt":"2023-10-16T08:25:00","guid":{"rendered":"https:\/\/www.radioribelle.it\/?p=20065"},"modified":"2023-10-17T08:38:42","modified_gmt":"2023-10-17T06:38:42","slug":"unoca-per-amica","status":"publish","type":"post","link":"https:\/\/www.radioribelle.it\/index.php\/2023\/10\/16\/unoca-per-amica\/","title":{"rendered":"Provincia di Arezzo Progetto G.I.F. 19 ottobre 23"},"content":{"rendered":"\n<div class=\"wp-block-image\"><figure class=\"alignleft size-large is-resized\"><img loading=\"lazy\" src=\"https:\/\/www.radioribelle.it\/wp-content\/uploads\/2023\/10\/arezzo-1-1024x576.jpg\" alt=\"\" class=\"wp-image-20115\" width=\"321\" height=\"180\" srcset=\"https:\/\/www.radioribelle.it\/wp-content\/uploads\/2023\/10\/arezzo-1-1024x576.jpg 1024w, https:\/\/www.radioribelle.it\/wp-content\/uploads\/2023\/10\/arezzo-1-300x169.jpg 300w, https:\/\/www.radioribelle.it\/wp-content\/uploads\/2023\/10\/arezzo-1-768x432.jpg 768w, https:\/\/www.radioribelle.it\/wp-content\/uploads\/2023\/10\/arezzo-1-619x348.jpg 619w, https:\/\/www.radioribelle.it\/wp-content\/uploads\/2023\/10\/arezzo-1.jpg 1200w\" sizes=\"(max-width: 321px) 100vw, 321px\" \/><\/figure><\/div>\n\n\n\n<p>Progetto G.I.F. (Giovani Inclusione. Futuro per la Toscana) \u2013 Evento Finale di Restituzione dei Dati e Premiazione delle studentesse degli studenti delle Secondarie di Secondo Grado del territorio aretino, coinvolti nel progetto\u00a0<\/p>\n\n\n\n<!--more-->\n\n\n\n<p>Gioved\u00ec\u00a019\/10\/2023, ore 10.00, c\/o la Sala dei grandi della Provincia di Arezzo,\u00a0la Consigliera Delegata alla Pubblica Istruzione, Dr.ssa Laura Chieli, presenzier\u00e0 all&#8217;evento finale del\u00a0Progetto G.I.F. (Giovani Inclusione. Futuro per la Toscana),\u00a0del quale UPI Toscana \u00e8 stato il Soggetto Capofila e la Provincia di Arezzo uno degli Enti partner, insieme alle Province di Pisa, Pistoia e Siena, all\u2019Ufficio Scolastico Regionale e ad ITS Energia e Ambiente. Tale Progetto ha coinvolto, con azioni di sensibilizzazione sui temi dell\u2019abbandono scolastico e della riduzione della marginalit\u00e0 sociale, studentesse e studenti, di et\u00e0 compresa tra i 14 e i 18 anni, degli Istituti Secondari di Secondo Grado del territorio provinciale, i loro docenti Referenti all\u2019orientamento e alla dispersione scolastica, oltre che le Consulte provinciali degli Studenti. Il percorso didattico e di orientamento, svolto dai beneficiari (ragazzi ed insegnanti) ha previsto, tra le varie attivit\u00e0, la compilazione di due specifici questionari che hanno interessato, oltre i docenti Referenti suddetti, anche gli studenti e le studentesse delle classi II-III-IV-V di tutti gli Istituti Secondari di secondo grado dei territori delle quattro Province partner del progetto. Tale attivit\u00e0 ha infatti permesso di acquisire importanti elementi, utili all\u2019elaborazione di un quadro pi\u00f9 aggiornato sugli aspetti dell\u2019orientamento personale e professionale e del contrasto alla dispersione scolastica sul territorio toscano coinvolto. In occasione dell\u2019evento di restituzione del percorso, pertanto, verr\u00e0 fatto un resoconto delle attivit\u00e0 svolte e degli obiettivi raggiunti ma, in particolare, saranno presentati i dati raccolti ed elaborati dalla Societ\u00e0\u00a0Soluxioni Srl, emersi dalla somministrazione dei questionari nella scuole secondarie di secondo grado del territorio della Provincia di Arezzo. Successivamente, saranno proiettati i video con le interviste degli studenti, in visita presso l\u2019Azienda Graziella Group SpA, che ha gentilmente aperto le sue porte ai ragazzi per permettere loro di osservare il contesto lavorativo e le attivit\u00e0 delle varie fasi operative. Seguir\u00e0 la premiazione degli studenti che hanno partecipato ai laboratori esperienziali di domotica organizzati dall\u2019ITS Energia e Ambiente e dei loro Istituti Scolastici, e infine, sar\u00e0 offerto ai presenti un\u00a0<em>light lunch<\/em>, organizzato da \u201cLa Conserveria\u201d Associazione Ragazzi Speciali Onlus, che si avvale, per il servizio, di ragazzi portatori di Handicap, promuovendone l\u2019inserimento lavorativo.<\/p>\n","protected":false},"excerpt":{"rendered":"<p>Progetto G.I.F. (Giovani Inclusione. Futuro per la Toscana) \u2013 Evento Finale di Restituzione dei Dati e Premiazione delle studentesse degli studenti delle Secondarie di Secondo Grado del territorio aretino, coinvolti nel progetto\u00a0<\/p>\n","protected":false},"author":1,"featured_media":0,"comment_status":"open","ping_status":"open","sticky":false,"template":"","format":"standard","meta":{"_joinchat":[]},"categories":[1],"tags":[],"_links":{"self":[{"href":"https:\/\/www.radioribelle.it\/index.php\/wp-json\/wp\/v2\/posts\/20065"}],"collection":[{"href":"https:\/\/www.radioribelle.it\/index.php\/wp-json\/wp\/v2\/posts"}],"about":[{"href":"https:\/\/www.radioribelle.it\/index.php\/wp-json\/wp\/v2\/types\/post"}],"author":[{"embeddable":true,"href":"https:\/\/www.radioribelle.it\/index.php\/wp-json\/wp\/v2\/users\/1"}],"replies":[{"embeddable":true,"href":"https:\/\/www.radioribelle.it\/index.php\/wp-json\/wp\/v2\/comments?post=20065"}],"version-history":[{"count":3,"href":"https:\/\/www.radioribelle.it\/index.php\/wp-json\/wp\/v2\/posts\/20065\/revisions"}],"predecessor-version":[{"id":20116,"href":"https:\/\/www.radioribelle.it\/index.php\/wp-json\/wp\/v2\/posts\/20065\/revisions\/20116"}],"wp:attachment":[{"href":"https:\/\/www.radioribelle.it\/index.php\/wp-json\/wp\/v2\/media?parent=20065"}],"wp:term":[{"taxonomy":"category","embeddable":true,"href":"https:\/\/www.radioribelle.it\/index.php\/wp-json\/wp\/v2\/categories?post=20065"},{"taxonomy":"post_tag","embeddable":true,"href":"https:\/\/www.radioribelle.it\/index.php\/wp-json\/wp\/v2\/tags?post=20065"}],"curies":[{"name":"wp","href":"https:\/\/api.w.org\/{rel}","templated":true}]}}