{"id":20594,"date":"2023-10-29T08:29:00","date_gmt":"2023-10-29T07:29:00","guid":{"rendered":"https:\/\/www.radioribelle.it\/?p=20594"},"modified":"2023-10-30T22:10:33","modified_gmt":"2023-10-30T21:10:33","slug":"well-fare-rete-per-le-donne","status":"publish","type":"post","link":"https:\/\/www.radioribelle.it\/index.php\/2023\/10\/29\/well-fare-rete-per-le-donne\/","title":{"rendered":"WELL FARE \u201crete per le donne\u201d"},"content":{"rendered":"\n<div class=\"wp-block-image\"><figure class=\"alignright size-large is-resized\"><img loading=\"lazy\" src=\"https:\/\/www.radioribelle.it\/wp-content\/uploads\/2023\/10\/donazione-progetto-well-fare-1024x576.jpg\" alt=\"\" class=\"wp-image-20595\" width=\"284\" height=\"159\" srcset=\"https:\/\/www.radioribelle.it\/wp-content\/uploads\/2023\/10\/donazione-progetto-well-fare-1024x576.jpg 1024w, https:\/\/www.radioribelle.it\/wp-content\/uploads\/2023\/10\/donazione-progetto-well-fare-300x169.jpg 300w, https:\/\/www.radioribelle.it\/wp-content\/uploads\/2023\/10\/donazione-progetto-well-fare-768x432.jpg 768w, https:\/\/www.radioribelle.it\/wp-content\/uploads\/2023\/10\/donazione-progetto-well-fare-1536x864.jpg 1536w, https:\/\/www.radioribelle.it\/wp-content\/uploads\/2023\/10\/donazione-progetto-well-fare-2048x1152.jpg 2048w, https:\/\/www.radioribelle.it\/wp-content\/uploads\/2023\/10\/donazione-progetto-well-fare-619x348.jpg 619w\" sizes=\"(max-width: 284px) 100vw, 284px\" \/><\/figure><\/div>\n\n\n\n<p> ROMAGNA &#8211; raccolti oltre diecimila euro in occasione dello spettacolo di Flamenco \u201cCal\u00e8, danza, musica e culture del popolo gitano\u201d a favore delle donne vittima di violenza. \u00a0 <\/p>\n\n\n\n<!--more-->\n\n\n\n<p>Il grande successo riscosso dallo spettacolo benefico di flamenco \u201cCal\u00e8, danza, musica e cultura del popolo gitano\u201d che la \u201cCompania de flamenco Maho\u00f9 de Castilla y Diana Gonzales\u201d ha messo in scena in collaborazione con Cesena Danze che si \u00e8 tenuto in maggio scorso con il sold out del Teatro Bonci di Cesena, ha portato ad una donazione di oltre diecimila euro da destinare al progetto dell\u2019Ausl della Romagna \u201cWell Fare \u2013 rete per le Donne\u201d per sostenere la realizzazione di nuovi spazi di cura all\u2019interno dell\u2019Ospedale, dedicati alle donne vittime di violenza e ai loro figli minori. La cerimonia di consegna del ricavato si \u00e8 tenuta nei giorni scorsi, presso l\u2019ospedale Bufalini di Cesena, dove ad accogliere \u00a0la Compagnia di Flamenco con Ivano Pollini di Cesena Danze e alcuni \u00a0rappresentanti delle aziende che hanno supportato l\u2019iniziativa (Roberto Romagnoli, Presidente della Banca di Credito Cooperativo romagnolo insieme al direttore marketing Cesare Bizzocchi, Monia Valgimigli della BCC Forlivese, ravennate, imolese, e Cinzia Lissi dell\u2019Associazione di Artincounselling, c\u2019erano il Direttore dell\u2019UO Ostetricia e Ginecologia Patrizio Antonazzo, la coordinatrice infermieristica Gilda Sottile, Sabrina Casadei, \u00a0in rappresentanza della direzione infermieristica e tecnica e la Direttrice dell\u2019UO Accoglienza, Urp, fundraising e marketing Elisabetta Montesi. Si \u00e8 trattato di un importante momento di restituzione del risultato dell\u2019iniziativa, che \u00a0ha consentito di esprimere soddisfazione da parte di tutti i partner presenti. Il risultato della raccolta fondi, \u00e8 infatti stato possibile anche grazie al supporto Banca di Credito Cooperativo Romagnolo, la Banca di credito cooperativo ravennate, forlivese e imolese, Formula Servizi, CNA Forl\u00ec- Cesena , al Comune di Cesena insieme ad ERT , che hanno patrocinato l\u2019iniziativa attraverso la concessione \u00a0del Teatro Bonci. Grande riconoscenza per la significativa donazione \u00e8 stata espressa dal Dott. Patrizio Antonazzo, da sempre impegnato nella realizzazione del progetto, che ha colto l\u2019occasione per sottolineare l\u2019importanza di queste iniziative, volte anche a sensibilizzare e contrastare il fenomeno della violenza di genere, oggi pi\u00f9 che mai necessarie. \u201cVedere il teatro Bonci \u00a0sold out- ha dichiarato il Dott. Antonazzo-\u00a0 \u00e8 stata una enorme soddisfazione, segno di sensibilit\u00e0 da parte di tutta la societ\u00e0 civile oltre che ha permesso di raccogliere una cifra significativa da destinare a questa causa importantissima. Dobbiamo pertanto dire Grazie alla rete di solidariet\u00e0 che ha sostenuto l\u2019iniziativa\u201d Well Fare \u2013 rete per le donne\u201d, \u00e8 un progetto, finalizzato a garantire ambienti adeguati e qualit\u00e0 dell\u2019assistenza sanitaria e psicologica nell\u2019ottica dell\u2019umanizzazione delle cure, in sinergia con i Centri Antiviolenza territoriali. Ha ricevuto fin dal suo avvio sostegno e apprezzamento da parte di istituzioni, imprese e associazioni del territorio. MLe bambole di stoffa, simbolo delle donne vittime di violenza, realizzate dall\u2019Associazione Artincounselling, possono essere \u201cadottate\u201d attraverso una donazione per sostenere la campagna di raccolta fondi, che ha l\u2019ulteriore obiettivo di sensibilizzare verso il contrasto della violenza nei confronti delle donne.<\/p>\n\n\n\n<p>Dott.ssa Elisabetta Montesi<\/p>\n\n\n\n<p>Direttore UO Accoglienza e Ufficio relazioni con il pubblico<br>Fundraising, marketing e comunicazione sociale<br>Azienda Usl della Romagna<\/p>\n","protected":false},"excerpt":{"rendered":"<p>ROMAGNA &#8211; raccolti oltre diecimila euro in occasione dello spettacolo di Flamenco \u201cCal\u00e8, danza, musica e culture del popolo gitano\u201d a favore delle donne vittima di violenza. \u00a0<\/p>\n","protected":false},"author":1,"featured_media":0,"comment_status":"open","ping_status":"open","sticky":false,"template":"","format":"standard","meta":{"_joinchat":[]},"categories":[1],"tags":[],"_links":{"self":[{"href":"https:\/\/www.radioribelle.it\/index.php\/wp-json\/wp\/v2\/posts\/20594"}],"collection":[{"href":"https:\/\/www.radioribelle.it\/index.php\/wp-json\/wp\/v2\/posts"}],"about":[{"href":"https:\/\/www.radioribelle.it\/index.php\/wp-json\/wp\/v2\/types\/post"}],"author":[{"embeddable":true,"href":"https:\/\/www.radioribelle.it\/index.php\/wp-json\/wp\/v2\/users\/1"}],"replies":[{"embeddable":true,"href":"https:\/\/www.radioribelle.it\/index.php\/wp-json\/wp\/v2\/comments?post=20594"}],"version-history":[{"count":1,"href":"https:\/\/www.radioribelle.it\/index.php\/wp-json\/wp\/v2\/posts\/20594\/revisions"}],"predecessor-version":[{"id":20596,"href":"https:\/\/www.radioribelle.it\/index.php\/wp-json\/wp\/v2\/posts\/20594\/revisions\/20596"}],"wp:attachment":[{"href":"https:\/\/www.radioribelle.it\/index.php\/wp-json\/wp\/v2\/media?parent=20594"}],"wp:term":[{"taxonomy":"category","embeddable":true,"href":"https:\/\/www.radioribelle.it\/index.php\/wp-json\/wp\/v2\/categories?post=20594"},{"taxonomy":"post_tag","embeddable":true,"href":"https:\/\/www.radioribelle.it\/index.php\/wp-json\/wp\/v2\/tags?post=20594"}],"curies":[{"name":"wp","href":"https:\/\/api.w.org\/{rel}","templated":true}]}}