{"id":20636,"date":"2023-10-30T16:23:00","date_gmt":"2023-10-30T15:23:00","guid":{"rendered":"https:\/\/www.radioribelle.it\/?p=20636"},"modified":"2023-10-30T15:25:15","modified_gmt":"2023-10-30T14:25:15","slug":"artciocc-grande-successo-a-montevarchi","status":"publish","type":"post","link":"https:\/\/www.radioribelle.it\/index.php\/2023\/10\/30\/artciocc-grande-successo-a-montevarchi\/","title":{"rendered":"ART&#038;CIOCC, GRANDE SUCCESSO A MONTEVARCHI"},"content":{"rendered":"\n<div class=\"wp-block-image\"><figure class=\"alignright size-large is-resized\"><img loading=\"lazy\" src=\"https:\/\/www.radioribelle.it\/wp-content\/uploads\/2023\/10\/4-1024x768.jpg\" alt=\"\" class=\"wp-image-20637\" width=\"360\" height=\"270\" srcset=\"https:\/\/www.radioribelle.it\/wp-content\/uploads\/2023\/10\/4-1024x768.jpg 1024w, https:\/\/www.radioribelle.it\/wp-content\/uploads\/2023\/10\/4-300x225.jpg 300w, https:\/\/www.radioribelle.it\/wp-content\/uploads\/2023\/10\/4-768x576.jpg 768w, https:\/\/www.radioribelle.it\/wp-content\/uploads\/2023\/10\/4-1536x1152.jpg 1536w, https:\/\/www.radioribelle.it\/wp-content\/uploads\/2023\/10\/4-619x464.jpg 619w, https:\/\/www.radioribelle.it\/wp-content\/uploads\/2023\/10\/4.jpg 1920w\" sizes=\"(max-width: 360px) 100vw, 360px\" \/><\/figure><\/div>\n\n\n\n<p><em>Centinaia di persone al grande evento in piazza Varchi. Grande partecipazione di giovani, famiglie e negozi aperti anche la domenica. Roberta Soldani, delegata di Confcommercio Montevarchi: \u201cabbiamo vissuto tre giorni di festa. Soddisfazione tra gli operatori e gli avventori\u201d.<\/em><\/p>\n\n\n\n<!--more-->\n\n\n\n<p>Un successo al di l\u00e0 di ogni rosea aspettativa. C\u2019\u00e8 grande soddisfazione per la\u00a0prima edizione di Art&amp;Ciocc,\u00a0kermesse del cioccolato\u00a0che dal 27 al 29 ottobre ha portato nel centro storico di Montevarchi il pubblico delle grandi occasioni. L\u2019evento, promosso da Confcommercio Firenze-Arezzo con il patrocinio del Comune di Montevarchi, il sostegno della Camera di Commercio di Arezzo-Siena e della Banca del Valdarno\u00a0e la collaborazione tecnica di<a rel=\"noreferrer noopener\" href=\"http:\/\/mark.co\/\" target=\"_blank\">\u00a0Mark.Co\u00a0<\/a>e Visit Valdarno, ha visto il\u00a0picco di presenze nelle giornate di sabato e domenica, quando centinaia di visitatori si sono riversati in piazza Varchi per assaggiare le prelibatezze a base di cacao provenienti da tutta Italia. Giovani e famiglie di ogni et\u00e0 hanno risposto al richiamo della dolcezza e di tutte le iniziative pensate per far divertire il pubblico:\u00a0al suono della musica\u00a0Niki Dj,\u00a0posizionato dietro la suacaratteristica\u00a0Fiat 500 adibita a consolle,\u00a0tantissime persone si sono lasciate coinvolgere da un\u2019atmosfera di gioia e spensieratezza, anche grazie alla bravura\u00a0dei trampolieri e giocolieri della\u00a0compagnia Chicchi d\u2019Uva\u00a0e\u00a0del\u00a0mago delle \u201cBolle Giganti\u201d\u00a0Ferux. I bambini pi\u00f9 intraprendenti hanno trovato nel Choco Lab, il divertente laboratorio di cucina creativa curato dalla\u00a0Banda dei Piccoli Chef\u00a0della dottoressa Barbara Lapini, un\u2019occasione per imparare a preparare e modellare la cioccolata. Ottima la risposta dei\u00a0locali a posto fisso, quasi tutti aperti anche la domenica. Sold out anche le visite guidate che hanno coinvolto non solo appassionati di arte, ma cittadini e turisti desiderosi di conoscere ancora pi\u00f9 a fondo la storia di Montevarchi. <em>\u201cRingrazio la Confcommercio e in particolare il Direttore Franco Marinoni che per la prima volta hanno portato in Valdarno questa tre giorni del cioccolato, scegliendo la citt\u00e0 di Montevarchi<\/em>\u00a0\u2013 afferma il Sindaco\u00a0Silvia Chiassai Martini\u00a0\u2013\u00a0<em>un evento che ha attirato migliaia di persone nel nostro centro storico per gustare la prelibatezza dei prodotti artigianali ma anche per apprezzare tante attivit\u00e0, tra i quali i laboratori per i bambini e gli spettacoli di intrattenimento. Siamo molto soddisfatti perch\u00e9 \u00e8 un successo ottenuto in una realt\u00e0 di provincia come la nostra e non solo nei grandi centri che solitamente ospitano queste iniziative di eccellenza. Non vogliamo disperdere questa bellissima sinergia ed infatti stiamo gi\u00e0 lavorando alla preparazione di altri progetti importanti, sempre con l\u2019obiettivo di stimolare la socializzazione e l\u2019incontro con la citt\u00e0\u201d<\/em> <em>\u201cGrazie all\u2019iniziativa Art&amp;Ciocc la citt\u00e0 di Montevarchi ha potuto vivere tre giorni di festa<\/em>\u00a0\u2013 spiega la delegata di Confcommercio Montevarchi\u00a0Roberta Soldani\u00a0\u2013\u00a0<em>i nostri operatori si sono dichiarati pi\u00f9 che soddisfatti e gli avventori hanno apprezzato sia la qualit\u00e0 del cioccolato proposto sia il ricco calendario di iniziative messo in piedi dallo staff di Confcommercio. La cosa di cui siamo pi\u00f9 felici \u00e8 la grande partecipazione giovanile, con tante ragazze e tanti ragazzi che hanno ritrovato il gusto di passare un pomeriggio in centro storico divertendosi. L\u2019appuntamento, inutile dirlo, \u00e8 confermato al 2024\u201d.<\/em><\/p>\n\n\n\n<p>CONFCOMMERCIO FIRENZE e AREZZO<\/p>\n","protected":false},"excerpt":{"rendered":"<p>Centinaia di persone al grande evento in piazza Varchi. Grande partecipazione di giovani, famiglie e negozi aperti anche la domenica. Roberta Soldani, delegata di Confcommercio Montevarchi: \u201cabbiamo vissuto tre giorni di festa. Soddisfazione tra gli operatori e gli avventori\u201d.<\/p>\n","protected":false},"author":1,"featured_media":0,"comment_status":"open","ping_status":"open","sticky":false,"template":"","format":"standard","meta":{"_joinchat":[]},"categories":[1],"tags":[],"_links":{"self":[{"href":"https:\/\/www.radioribelle.it\/index.php\/wp-json\/wp\/v2\/posts\/20636"}],"collection":[{"href":"https:\/\/www.radioribelle.it\/index.php\/wp-json\/wp\/v2\/posts"}],"about":[{"href":"https:\/\/www.radioribelle.it\/index.php\/wp-json\/wp\/v2\/types\/post"}],"author":[{"embeddable":true,"href":"https:\/\/www.radioribelle.it\/index.php\/wp-json\/wp\/v2\/users\/1"}],"replies":[{"embeddable":true,"href":"https:\/\/www.radioribelle.it\/index.php\/wp-json\/wp\/v2\/comments?post=20636"}],"version-history":[{"count":1,"href":"https:\/\/www.radioribelle.it\/index.php\/wp-json\/wp\/v2\/posts\/20636\/revisions"}],"predecessor-version":[{"id":20638,"href":"https:\/\/www.radioribelle.it\/index.php\/wp-json\/wp\/v2\/posts\/20636\/revisions\/20638"}],"wp:attachment":[{"href":"https:\/\/www.radioribelle.it\/index.php\/wp-json\/wp\/v2\/media?parent=20636"}],"wp:term":[{"taxonomy":"category","embeddable":true,"href":"https:\/\/www.radioribelle.it\/index.php\/wp-json\/wp\/v2\/categories?post=20636"},{"taxonomy":"post_tag","embeddable":true,"href":"https:\/\/www.radioribelle.it\/index.php\/wp-json\/wp\/v2\/tags?post=20636"}],"curies":[{"name":"wp","href":"https:\/\/api.w.org\/{rel}","templated":true}]}}