{"id":20715,"date":"2023-11-02T14:32:00","date_gmt":"2023-11-02T13:32:00","guid":{"rendered":"https:\/\/www.radioribelle.it\/?p=20715"},"modified":"2023-11-03T14:27:25","modified_gmt":"2023-11-03T13:27:25","slug":"le-anime-belle-che-qualcuno-racconta","status":"publish","type":"post","link":"https:\/\/www.radioribelle.it\/index.php\/2023\/11\/02\/le-anime-belle-che-qualcuno-racconta\/","title":{"rendered":"Le anime belle che qualcuno racconta"},"content":{"rendered":"\n<div class=\"wp-block-image\"><figure class=\"alignright size-large is-resized\"><img loading=\"lazy\" src=\"https:\/\/www.radioribelle.it\/wp-content\/uploads\/2023\/11\/LB195073-1024x683.jpg\" alt=\"\" class=\"wp-image-20716\" width=\"281\" height=\"187\" srcset=\"https:\/\/www.radioribelle.it\/wp-content\/uploads\/2023\/11\/LB195073-1024x683.jpg 1024w, https:\/\/www.radioribelle.it\/wp-content\/uploads\/2023\/11\/LB195073-300x200.jpg 300w, https:\/\/www.radioribelle.it\/wp-content\/uploads\/2023\/11\/LB195073-768x512.jpg 768w, https:\/\/www.radioribelle.it\/wp-content\/uploads\/2023\/11\/LB195073-1536x1024.jpg 1536w, https:\/\/www.radioribelle.it\/wp-content\/uploads\/2023\/11\/LB195073-619x413.jpg 619w, https:\/\/www.radioribelle.it\/wp-content\/uploads\/2023\/11\/LB195073.jpg 1920w\" sizes=\"(max-width: 281px) 100vw, 281px\" \/><\/figure><\/div>\n\n\n\n<p>PIEVE SANTO STEFANO &#8211; Questa pagina bianca \u00e8 il luogo dove si incontrano\u00a0le anime belle che qualcuno racconta. Quando abbiamo creato una pagina bianca per permettere a chi lo desidera\u00a0di lasciarci impresso il ricordo di una persona cara, non avremmo immaginato di ricevere scritture che noi stessi andiamo a leggere e rileggere per consolare anche le nostre perdite<\/p>\n\n\n\n<!--more-->\n\n\n\n<p>Facile ritrovarsi figli nei ricordi di genitori che non sono mancanze ma presenze, struggente condividere la perdita di un amico in parole che puoi fare tue. In queste tracce lasciate da madri, sorelle, compagni di vita o di lavoro\u00a0l\u2019Archivio dei diari e il suo museo intrecciano la loro esistenza a quella dei tanti scomparsi da pochi mesi o da oltre cento anni. Ricordi forti, chiari, pieni di dolcezza che ogni anno\u00a0la ricorrenza del 2 novembre\u00a0ci restituisce nei nomi e nelle storie di chi, nel diventare un solco sulla nostra pagina, guadagna il suo spazio di immortalit\u00e0. <em>lI 7 luglio 2023 festeggiavamo il centenario della nascita di Saverio. Mi sono sentita in famiglia e non nascondo l\u2019emozione che ho avuto guardando gli ospiti e gli amici, riprovando quella passione e quella gioia che mi aveva mosso, quarant\u2019anni fa, a farmi prendere per mano da Saverio: \u201cFacciamo il paese della memoria\u201d. Un\u2019emozione cos\u00ec forte che mi ha stretto nel ricordo di una persona cos\u00ec speciale! Mi sentivo cos\u00ec tanto lieta che l\u2019arrivo di quel messaggio l\u2019avevo trascurato, per godermi quel clima di festa\u2026 perch\u00e9 festeggiare Saverio era una festa! Ma quel giorno un amico, un caro amico ci aveva lasciato. Ho pensato a una strana coincidenza\u2026 quel giorno cos\u00ec particolare, ci ha portato gioia e dolore insieme! \u00c8\u00a0 stato un susseguirsi di ricordi pensando a come la memoria si fa vivida nel dolore! \u00c8 un caso che te ne sia andato proprio quel giorno? Non lo so. Non \u00e8 un caso per\u00f2 che si voglia custodire il tuo ricordo in un posto cos\u00ec prezioso; uno scrigno di tante storie e tante parole, un gioiello che hai visto crescere e diventare quello che oggi \u00e8! A te Joan Josep, caro amico, che tanto bene hai lasciato in questo mondo e che conserveremo nel nostro cuore per sempre. All\u2019Archivio di Pieve affidiamo il nostro ricordo, la tua memoria perch\u00e9 il bene ricevuto non si dissolve.  \u201cEl recuerdo quedara para recordarte!\u201d<\/em> <\/p>\n\n\n\n<p><em>Dicono che oggi ti devo ricordare e quindi messa e tanti saluti e baci!<\/em> <em>Ma una figlia il pap\u00e0 ce l\u2019ha tatuato addosso sempre e per sempre, perch\u00e9 sei tu l\u2019Uomo della mia vita, il vero principe azzurro, il mio Re Tritone. E allora non posso pensare a te come a un vuoto, come a una mancanza, al tuo piccolo posticino al cimitero, a una breve preghierina e anche quest\u2019anno \u00e8 andato. Io ogni momento penso a noi, a tutto il pieno, a tutto ci\u00f2 che ha reso indimenticabile il tuo tempo e quello insieme. Alle tue scalate in montagna, alla fiaccolata la notte di capodanno sulla neve, ai tuoi viaggi per il mondo, alla tua e alla mia saint honor\u00e9 e a chi rubava pi\u00f9 bign\u00e8 e si leccava le dita dolci di caramello, alla solita foto di compleanno con noi tue piccole donne, all\u2019aria frescolina del trullo e ai miliardi di stelle guardate con il naso all\u2019ins\u00f9, alle frittelle di mele, agli gnocchetti e al sugo che cos\u00ec solo tu lo sapevi fare, alle camicie a quadroni di flanella, agli western e alle battute che mi precedevi tutte a memoria\u2026Sono trascorsi 10 anni da quando te ne sei andata, cos\u00ec, di punto in bianco come facevi spesso.<\/em> <em>In realt\u00e0 non ci hai lasciato perch\u00e9 nel nostro cuore sei pi\u00f9 viva che mai. E non c\u2019era miglior modo per ricordare questi 10 anni passati \u201ca distanza\u201d visitando il Piccolo museo del diario dove con grandissima emozione ti abbiamo ritrovata.<\/em><\/p>\n","protected":false},"excerpt":{"rendered":"<p>PIEVE SANTO STEFANO &#8211; Questa pagina bianca \u00e8 il luogo dove si incontrano\u00a0le anime belle che qualcuno racconta. Quando abbiamo creato una pagina bianca per permettere a chi lo desidera\u00a0di lasciarci impresso il ricordo di una persona cara, non avremmo immaginato di ricevere scritture che noi stessi andiamo a leggere e rileggere per consolare anche [&hellip;]<\/p>\n","protected":false},"author":1,"featured_media":0,"comment_status":"open","ping_status":"open","sticky":false,"template":"","format":"standard","meta":{"_joinchat":[]},"categories":[1],"tags":[],"_links":{"self":[{"href":"https:\/\/www.radioribelle.it\/index.php\/wp-json\/wp\/v2\/posts\/20715"}],"collection":[{"href":"https:\/\/www.radioribelle.it\/index.php\/wp-json\/wp\/v2\/posts"}],"about":[{"href":"https:\/\/www.radioribelle.it\/index.php\/wp-json\/wp\/v2\/types\/post"}],"author":[{"embeddable":true,"href":"https:\/\/www.radioribelle.it\/index.php\/wp-json\/wp\/v2\/users\/1"}],"replies":[{"embeddable":true,"href":"https:\/\/www.radioribelle.it\/index.php\/wp-json\/wp\/v2\/comments?post=20715"}],"version-history":[{"count":1,"href":"https:\/\/www.radioribelle.it\/index.php\/wp-json\/wp\/v2\/posts\/20715\/revisions"}],"predecessor-version":[{"id":20717,"href":"https:\/\/www.radioribelle.it\/index.php\/wp-json\/wp\/v2\/posts\/20715\/revisions\/20717"}],"wp:attachment":[{"href":"https:\/\/www.radioribelle.it\/index.php\/wp-json\/wp\/v2\/media?parent=20715"}],"wp:term":[{"taxonomy":"category","embeddable":true,"href":"https:\/\/www.radioribelle.it\/index.php\/wp-json\/wp\/v2\/categories?post=20715"},{"taxonomy":"post_tag","embeddable":true,"href":"https:\/\/www.radioribelle.it\/index.php\/wp-json\/wp\/v2\/tags?post=20715"}],"curies":[{"name":"wp","href":"https:\/\/api.w.org\/{rel}","templated":true}]}}