{"id":20766,"date":"2023-11-03T14:24:36","date_gmt":"2023-11-03T13:24:36","guid":{"rendered":"https:\/\/www.radioribelle.it\/?p=20766"},"modified":"2023-11-03T14:24:39","modified_gmt":"2023-11-03T13:24:39","slug":"provincia-aretina-in-difficolta","status":"publish","type":"post","link":"https:\/\/www.radioribelle.it\/index.php\/2023\/11\/03\/provincia-aretina-in-difficolta\/","title":{"rendered":"Provincia aretina in difficolt\u00e0"},"content":{"rendered":"\n<div class=\"wp-block-image\"><figure class=\"alignleft size-large is-resized\"><img loading=\"lazy\" src=\"https:\/\/www.radioribelle.it\/wp-content\/uploads\/2023\/11\/Maurizio-Milanesi-1024x768.jpeg\" alt=\"\" class=\"wp-image-20767\" width=\"232\" height=\"174\" srcset=\"https:\/\/www.radioribelle.it\/wp-content\/uploads\/2023\/11\/Maurizio-Milanesi-1024x768.jpeg 1024w, https:\/\/www.radioribelle.it\/wp-content\/uploads\/2023\/11\/Maurizio-Milanesi-300x225.jpeg 300w, https:\/\/www.radioribelle.it\/wp-content\/uploads\/2023\/11\/Maurizio-Milanesi-768x576.jpeg 768w, https:\/\/www.radioribelle.it\/wp-content\/uploads\/2023\/11\/Maurizio-Milanesi-1536x1152.jpeg 1536w, https:\/\/www.radioribelle.it\/wp-content\/uploads\/2023\/11\/Maurizio-Milanesi-619x464.jpeg 619w, https:\/\/www.radioribelle.it\/wp-content\/uploads\/2023\/11\/Maurizio-Milanesi.jpeg 1600w\" sizes=\"(max-width: 232px) 100vw, 232px\" \/><\/figure><\/div>\n\n\n\n<p><em>Non potr\u00e0 assumere nuovo personale fino alla fine del 2025.\u00a0 FP Cisl Arezzo: \u201cA rischio sicurezza dei cittadini e tutele al personale\u201d<\/em> Ormai dal 2015 le province italiane si trovano sempre di pi\u00f9 in una situazione difficile. Su questo fronte la FP Cisl aretina esprime forti preoccupazioni legate allo stato attuale della Provincia di Arezzo e propone alcuni spunti di riflessione affinch\u00e9 si possano tutelare i servizi ai cittadini e i diritti dei dipendenti delle amministrazioni provinciali. <\/p>\n\n\n\n<!--more-->\n\n\n\n<p>Le forti incertezze provocano, anche all\u2019Ente aretino, limiti nell\u2019operativit\u00e0 e difficolt\u00e0 economiche che si traducono in timori, tensioni e disagi. Il personale provinciale dal 2015 in poi si trova ad affrontare e ancora affronta, suo malgrado, situazioni penalizzanti anche a livello individuale rispetto ad altri dipendenti di un Ente Locale. La FP Cisl aretina ha cercato, in pi\u00f9 di un incontro con il Presidente Alessandro Polcri, di fare presente quanto ormai i servizi legati alla viabilit\u00e0 e all\u2019edilizia scolastica siano seriamente a rischio. La FP Cisl chiede dunque con forza alla politica territoriale di farsi carico di questa situazione, che implica un peggioramento di servizi fondamentali per la sicurezza di tutti. I punti su cui la FP Cisl Arezzo vuole puntare l\u2019attenzione sono da un lato la carenza consistente del personale e delle capacit\u00e0 di assumerne di nuovo, dall\u2019altro le criticit\u00e0 nei servizi legati alla manutenzione, ad esempio su strade e scuole. Si segnala infatti che i parametri delle capacit\u00e0 assunzionali delle Provincie sono ad oggi di gran lunga inferiori rispetto a quelli dei Comuni e delle Citt\u00e0 Metropolitane senza che se ne comprendano i motivi. Seguendo questi calcoli la Provincia di Arezzo, rispettando il dettato normativo, ad oggi non ha pi\u00f9 possibilit\u00e0 di assumere personale fino al 2025. <em>La politica a tutti i livelli \u00e8 responsabile di questa situazione &#8211; commenta il Segretario FP Cisl Arezzo Maurizio Milanesi. La responsabilit\u00e0 dell\u2019attuale situazione della Provincia di Arezzo e non solo, \u00e8 da attribuire alle decisioni prese e portate avanti dalla classe politica nazionale a tutti i livelli. Non \u00e8 possibile pensare che per la mancanza di risorse, la politica stessa possa attribuire le responsabilit\u00e0 al comparto amministrativo e tecnico\u201d.<\/em> In particolare la FP Cisl rileva che la mancanza di potere assunzionale impedisce di spendere in maniera adeguata e controllata le risorse derivanti dal PNRR. Connesso a questo c\u2019\u00e8 anche il tema della responsabilit\u00e0 sulla sicurezza nei luoghi di lavoro, in quanto il personale si trova spesso ad operare in numero insufficiente rispetto a quanto previsto dalle norme sulla sicurezza. Tutto ci\u00f2 si ripercuote anche sulle responsabilit\u00e0 individuali dei dipendenti afferenti ai vari servizi, in virt\u00f9 dei ruoli che ricoprono,\u00a0 soprattutto quelle figure che sono inquadrate con incarichi di particolari responsabilit\u00e0. Ad esempio nel settore Viabilit\u00e0 si possono creare situazioni di responsabilit\u00e0 penali a danno dei dipendenti in caso di sinistri stradali. Lo stesso Presidente della Repubblica, Sergio Mattarella, al convegno UPI nazionale, che si \u00e8 tenuto a L\u2019Aquila lo scorso ottobre, ha sottolineato chiaramente che le Province svolgono un ruolo fondamentale per l\u2019articolazione delle funzioni territoriali. Mattarella ha inoltre rilevato che le norme attuali, legate ad una transizione del ruolo delle Province di fatto interrotta, hanno creato un percorso con vuoti e incertezze che non possono pi\u00f9 prolungarsi. \u201c<em>\u00c8 necessario &#8211; prosegue Milanesi- il ripristino degli organi di governo ad elezione diretta di primo livello, la riassegnazione di funzioni fondamentali per il territorio gi\u00e0 in carico alla Provincia prima della riforma Del Rio (poi trasferite alla Regione) e di adeguate risorse economiche per svolgere al meglio i servizi. Auspichiamo &#8211; conclude Milanesi &#8211; che l\u2019intervento del Presidente sia seriamente preso in considerazione dalla politica e dal governo in carica. I lavoratori ed i cittadini, in tutto questo, sono coloro che pagano il prezzo pi\u00f9 alto in termini di servizi inadeguati e competenze incerte e questo non \u00e8 pi\u00f9 accettabile\u201d.<\/em><\/p>\n\n\n\n<p>Cisl Arezzo<\/p>\n","protected":false},"excerpt":{"rendered":"<p>Non potr\u00e0 assumere nuovo personale fino alla fine del 2025.\u00a0 FP Cisl Arezzo: \u201cA rischio sicurezza dei cittadini e tutele al personale\u201d Ormai dal 2015 le province italiane si trovano sempre di pi\u00f9 in una situazione difficile. Su questo fronte la FP Cisl aretina esprime forti preoccupazioni legate allo stato attuale della Provincia di Arezzo [&hellip;]<\/p>\n","protected":false},"author":1,"featured_media":0,"comment_status":"open","ping_status":"open","sticky":false,"template":"","format":"standard","meta":{"_joinchat":[]},"categories":[1],"tags":[],"_links":{"self":[{"href":"https:\/\/www.radioribelle.it\/index.php\/wp-json\/wp\/v2\/posts\/20766"}],"collection":[{"href":"https:\/\/www.radioribelle.it\/index.php\/wp-json\/wp\/v2\/posts"}],"about":[{"href":"https:\/\/www.radioribelle.it\/index.php\/wp-json\/wp\/v2\/types\/post"}],"author":[{"embeddable":true,"href":"https:\/\/www.radioribelle.it\/index.php\/wp-json\/wp\/v2\/users\/1"}],"replies":[{"embeddable":true,"href":"https:\/\/www.radioribelle.it\/index.php\/wp-json\/wp\/v2\/comments?post=20766"}],"version-history":[{"count":1,"href":"https:\/\/www.radioribelle.it\/index.php\/wp-json\/wp\/v2\/posts\/20766\/revisions"}],"predecessor-version":[{"id":20768,"href":"https:\/\/www.radioribelle.it\/index.php\/wp-json\/wp\/v2\/posts\/20766\/revisions\/20768"}],"wp:attachment":[{"href":"https:\/\/www.radioribelle.it\/index.php\/wp-json\/wp\/v2\/media?parent=20766"}],"wp:term":[{"taxonomy":"category","embeddable":true,"href":"https:\/\/www.radioribelle.it\/index.php\/wp-json\/wp\/v2\/categories?post=20766"},{"taxonomy":"post_tag","embeddable":true,"href":"https:\/\/www.radioribelle.it\/index.php\/wp-json\/wp\/v2\/tags?post=20766"}],"curies":[{"name":"wp","href":"https:\/\/api.w.org\/{rel}","templated":true}]}}