{"id":21289,"date":"2023-11-22T07:09:00","date_gmt":"2023-11-22T06:09:00","guid":{"rendered":"https:\/\/www.radioribelle.it\/?p=21289"},"modified":"2023-11-22T14:45:15","modified_gmt":"2023-11-22T13:45:15","slug":"a-citta-di-castello-il-comune-fa-squadra-conunicef-e-il-mondo-della-scuola-per-affermare-i-diritti-dei-bambini","status":"publish","type":"post","link":"https:\/\/www.radioribelle.it\/index.php\/2023\/11\/22\/a-citta-di-castello-il-comune-fa-squadra-conunicef-e-il-mondo-della-scuola-per-affermare-i-diritti-dei-bambini\/","title":{"rendered":"A Citt\u00e0 di Castello il Comune fa squadra conUnicef e il mondo della scuola per affermare i diritti dei bambini"},"content":{"rendered":"\n<div class=\"wp-block-image\"><figure class=\"alignright size-large is-resized\"><img loading=\"lazy\" src=\"https:\/\/www.radioribelle.it\/wp-content\/uploads\/2023\/11\/Campagna-Unicef-bambini-2-1024x683.jpg\" alt=\"\" class=\"wp-image-21290\" width=\"360\" height=\"240\" srcset=\"https:\/\/www.radioribelle.it\/wp-content\/uploads\/2023\/11\/Campagna-Unicef-bambini-2-1024x683.jpg 1024w, https:\/\/www.radioribelle.it\/wp-content\/uploads\/2023\/11\/Campagna-Unicef-bambini-2-300x200.jpg 300w, https:\/\/www.radioribelle.it\/wp-content\/uploads\/2023\/11\/Campagna-Unicef-bambini-2-768x512.jpg 768w, https:\/\/www.radioribelle.it\/wp-content\/uploads\/2023\/11\/Campagna-Unicef-bambini-2-1536x1024.jpg 1536w, https:\/\/www.radioribelle.it\/wp-content\/uploads\/2023\/11\/Campagna-Unicef-bambini-2-2048x1365.jpg 2048w, https:\/\/www.radioribelle.it\/wp-content\/uploads\/2023\/11\/Campagna-Unicef-bambini-2-619x413.jpg 619w\" sizes=\"(max-width: 360px) 100vw, 360px\" \/><\/figure><\/div>\n\n\n\n<p>Presentato il ciclo di appuntamenti &#8220;Una luce sui diritti&#8221;, in programma dal 20 novembre all&#8217;11 dicembre. Stasera la torre civica illuminata di blu per l\u2019adesione all\u2019iniziativa di Anci e Unicef \u201cGo Blue\u201d\u00a0\u00a0\u00a0\u00a0\u00a0Nell\u2019anno in cui l\u2019Unicef dedica la Giornata Mondiale dell&#8217;Infanzia alla pace, a Citt\u00e0 di Castello le istituzioni pubbliche fanno squadra con il mondo della scuola per affermare con forza non solo il diritto di ogni bambino a essere protetto dalla guerra, ma a nutrirsi, crescere, prosperare, vivere. <\/p>\n\n\n\n<!--more-->\n\n\n\n<p>\u201cVoi siete i nostri ambasciatori di pace, civilt\u00e0, educazione e rispetto, ai quali affidiamo il compito di aiutarci a sostenere e difendere all\u2019interno della comunit\u00e0 di Citt\u00e0 di Castello i diritti di ogni bambino e la legittima aspettativa delle nuove generazioni di avere nella nostra citt\u00e0 tutte le opportunit\u00e0 di crescere serenamente, acquisendo gli strumenti culturali necessari, e di essere felici\u201d, hanno sottolineato il sindaco\u00a0<em>Luca Secondi<\/em>\u00a0e l\u2019assessore ai Servizi Educativi\u00a0<em>Letizia Guerri<\/em>, incontrando stamattina in Comune con il primo cittadino di Monte Santa Maria Tiberina\u00a0<em>Letizia Michelini<\/em>\u00a0una rappresentanza degli alunni, dei dirigenti e degli insegnanti degli istituti del territorio nella Giornata Mondiale dell&#8217;Infanzia. Gli amministratori comunali di Citt\u00e0 di Castello e Monte Santa Maria Tiberina hanno rimarcato insieme l\u2019adesione alle finalit\u00e0 dell\u2019impegno di Unicef e hanno ringraziato il mondo della scuola per il protagonismo con cui \u00e8 costantemente in prima linea per promuovere la condizione sociale e culturale dei bambini e dei ragazzi in stretta collaborazione con le istituzioni pubbliche. Nell\u2019occasione i dirigenti scolastici del Primo Circolo Didattico San Filippo,\u00a0<em>Silvia Ghigi<\/em>, del Secondo Circolo Didattico Pieve delle Rose,\u00a0<em>Simone Casucci<\/em>, e dell\u2019Istituto Comprensivo Alberto Burri di Trestina,\u00a0<em>Giuliana Leandri<\/em>\u00a0in rappresentanza di\u00a0<em>Stefania Migliorucci<\/em>, hanno ricevuto dalla presidente regionale dell\u2019Unicef\u00a0<em>Iva Rossi<\/em>\u00a0e dalla referente dei progetti Unicef e scuole per l\u2019Alta Valle del Tevere\u00a0<em>Angela Monaldi<\/em>\u00a0gli attestati rilasciati dall\u2019Unicef e dal Ministero dell\u2019Istruzione e del Merito alle \u201cScuole Amiche dei Bambini e degli Adolescenti. L\u2019incontro \u00e8 servito anche per presentare\u00a0<em>il programma degli appuntamenti &#8220;Una luce sui diritti&#8221; con cui dal 20 novembre all&#8217;11 dicembre<\/em>\u00a0sar\u00e0 richiamata l\u2019attenzione dell\u2019opinione pubblica sulla condizione dei bambini e ragazzi nella nostra societ\u00e0 e sui loro diritti, sanciti dalla Convenzione sui diritti dell\u2019infanzia e dell\u2019adolescenza approvata dall\u2019Assemblea Generale delle Nazioni Unite il 20 novembre del 1989, che \u00e8 stata ratificata da 196 Stati nel mondo. Gli eventi che saranno promossi da Unicef insieme al Primo e Secondo Circolo Didattico di Citt\u00e0 di Castello e all\u2019Istituto Comprensivo Alberto Burri, con il patrocinio dei Comuni di Citt\u00e0 di Castello e Monte Santa Maria Tiberina, della Fondazione Centro Studi Villa Montesca e della Comunit\u00e0 Educante Alto Tevere, coinvolgeranno attivamente numerose associazioni ed enti del territorio, insieme alle scuole di Umbertide, Montone, Lisciano Niccone, che hanno aderito all\u2019iniziativa nell\u2019intento comune di promuovere la consapevolezza e la tutela dei diritti dei bambini.\u00a0<em>L\u2019adesione del Comune di Citt\u00e0 di Castello alla mobilitazione promossa dall\u2019Unicef sar\u00e0 sottolineata nella serata di luned\u00ec 20 novembre dalla torre civica di piazza Gabriotti illuminata di blu<\/em>, in segno di condivisione degli obiettivi del progetto nazionale di ANCI e Unicef \u201cGo blue\u201d, pensato per ricordare a tutti che per ogni bambino, bambina e adolescente ogni diritto deve essere garantito e attuato.\u00a0<em>Secondi e Guerri<\/em>\u00a0hanno spiegato che \u201cil tema dei diritti dei bambini \u00e8 centrale per lo sviluppo e la coesione della nostra comunit\u00e0 ed \u00e8 prioritario nel nostro lavoro di ogni giorno rivolto alla cura dei servizi rivolti all\u2019infanzia e all\u2019adolescenza, degli asili nido, dell\u2019edilizia scolastica, ma anche al sostegno e alla condivisione dell\u2019impegno di tutta la Comunit\u00e0 Educante\u201d. \u201cAccendere una luce sulla condizione dei bambini coinvolgendo e responsabilizzando le nostre comunit\u00e0 \u00e8 davvero molto importante, perch\u00e9 c\u2019\u00e8 veramente un\u2019urgenza di rivendicare molti diritti in questi ultimi tempi, come purtroppo le cronache quotidiane testimoniano\u201d, ha aggiunto\u00a0<em>Michelini<\/em>. \u201cE\u2019 fondamentale che un\u2019intera comunit\u00e0, con le sue istituzioni pubbliche e le sue associazioni, si uniscano alle famiglie e al mondo della scuola per ribadire l\u2019importanza che hanno i bambini e i loro diritti\u201d, hanno sostenuto le rappresentanti di Unicef\u00a0<em>Rossi<\/em>\u00a0e\u00a0<em>Monaldi<\/em>, evidenziando come \u201cla consegna degli attestati alle Scuole Amiche dei Bambini sia un segno tangibile del forte impegno degli istituti coinvolti, con i dirigenti, gli insegnanti e i bambini, nel promuovere una cultura dei diritti dell&#8217;infanzia e nel contribuire attivamente alle iniziative umanitarie dell\u2019Unicef\u201d. Dai dirigenti scolastici\u00a0<em>Ghigi<\/em>,\u00a0<em>Casucci\u00a0<\/em>e\u00a0<em>Leandri\u00a0<\/em>\u00e8 stato ribadito \u201cil pieno e convinto sostegno alle iniziative di Unicef\u201d e \u201cl\u2019impegno a valorizzare il coinvolgimento dei bambini negli appuntamenti in programma\u201d, perch\u00e9 venga percepita da tutta la societ\u00e0, a partire dalle istituzioni e dalle famiglie, \u201cl\u2019importanza di prendersi cura, di sostenere e di difendere la condizione dell\u2019infanzia e dell\u2019adolescenza all\u2019interno della nostra comunit\u00e0, a partire dalla casa dei bambini e dei ragazzi che \u00e8 rappresentata dalla scuola\u201d. Il supporto del Comune di Citt\u00e0 di Castello sar\u00e0 ulteriormente testimoniato dalla partecipazione della Scuola Comunale di Musica Giacomo Puccini, che, come ha puntualizzato il direttore\u00a0<em>Nolito Bambini<\/em>, \u201cha impostato sui bambini il nuovo programma triennale della propria attivit\u00e0, proprio per simboleggiare l\u2019investimento culturale sulle nuove generazioni dell\u2019amministrazione comunale\u201d.\u00a0\u201cUna luce sui diritti\u201d: il programma.\u00a0La consegna degli attestati \u201cScuola amica dei bambini e degli adolescenti\u201d per l\u2019anno scolastico 2022\/23 al primo Circolo San Filippo, secondo Circolo Pieve delle Rose e Istituto comprensivo Alberto Burri di Trestina ha inaugurato il ciclo di appuntamenti della manifestazione, che proseguir\u00e0\u00a0<em>marted\u00ec 21 novembre (ore 10.30)<\/em>\u00a0con \u201cDiritti come alberi\u201d, la messa in dimora di un albero donato dalle amministrazioni comunali patrocinatrici, e \u00a0\u201cLeggimi una Storia\u201d (ore 16.15), un incontro con i genitori\u00a0presso la\u00a0Biblioteca comunale Carducci di Citt\u00e0 di Castello per la presentazione del programma nazionale \u201cNati per leggere\u201d. \u00a0<em>Dal 27 novembre al 3 dicembre<\/em>\u00a0si terr\u00e0 la \u201cSettimana dello Sport\u201d, con gli open days dell\u2019ASD Madonna del latte e del Canoa Club Citt\u00e0 di Castello. Il\u00a0<em>29 novembre (ore 16.45)<\/em>\u00a0l\u2019appuntamento sar\u00e0 con \u201cTana lib(e)ri tutti\u201d, letture ad alta voce per bambini dai 2 ai 3 anni presso il Centro Documentazione Infanzia di piazza Servi di Maria a Citt\u00e0 di Castello.\u00a0<em>Venerd\u00ec 1 dicembre<\/em>\u00a0sar\u00e0 la volta di \u201cPace libera tutti\u201d, con racconti e laboratori creativi sulla pace presso tutte le scuole del primo e secondo Circolo Didattico di Citt\u00e0 di Castello e dell\u2019Istituto comprensivo Alberto Burri di Trestina e nei centri ricreativi del Comune di Citt\u00e0 di Castello la Bottega di Merlino, la Sfera Magica, doposcuola Archimede, in collaborazione con la Cooperativa La Rondine.\u00a0<em>Luned\u00ec 4 dicembre (ore 17.00)<\/em>\u00a0sar\u00e0 di scena \u201cDiritto all\u2019affettivit\u00e0\u201d, un talk con il professor Paolo Antonelli alla scuola primaria \u201cla Tina\u201d.\u00a0<em>Mercoled\u00ec 6 e gioved\u00ec 7 dicembre (ore 15.00)<\/em>\u00a0la Scuola comunale di Musica Giacomo Puccini proporr\u00e0 lezioni aperte al pubblico e, a seguire, un\u2019esibizione degli allievi nell\u2019iniziativa \u201cLa musica per tutti, la musica con tutti\u201d.\u00a0<em>Sabato 9 e domenica 10 dicembre (ore 14.00)<\/em>\u00a0l\u2019appuntamento sar\u00e0 con \u201cAspettando Natale\u201d, in localit\u00e0 Gioiello a Monte Santa Maria Tiberina, per laboratori creativi e attivit\u00e0 ludiche in collaborazione con l\u2019associazione ricreativa Gioiello ODV.\u00a0<em>Luned\u00ec 11 dicembre (ore 10.30) ci sar\u00e0 la giornata conclusiva<\/em>\u00a0del programma intitolata \u201cI diritti dei bambini\u201d, con l\u2019allestimento dei lavori realizzati a scuola dai bambini ai giardini del Cassero in piazza Gabriotti a Citt\u00e0 di Castello.\u00a0<em>In calendario ci saranno anche alcuni eventi collaterali:\u00a0<\/em>\u201cGo Blue &#8211; La torre in blu\u201d (20 novembre, ore 18.00) in piazza Gabriotti, a Citt\u00e0 di Castello, con l\u2019Illuminazione della torre civica in collaborazione con Anci, Unicef e Comune; \u00a0\u201cGuerrilla Art: i care &#8211; parole gentili\u201d, un\u2019invasione di parole gentili nel territorio dell\u2019Alta Valle del Tevere in collaborazione con le scuole del territorio; \u201cGuerrilla Art: i sassi della pace\u201d, performance da parte dei bambini per riflettere sull\u2019importanza della pace, in collaborazione con tutte le scuole del territorio. \u201cStreet art: parole di pace\u201d, un\u2019esplosione di pace nelle vie e nelle piazze di Citt\u00e0 di Castello, in collaborazione con l\u2019Associazione Artea.<\/p>\n","protected":false},"excerpt":{"rendered":"<p>Presentato il ciclo di appuntamenti &#8220;Una luce sui diritti&#8221;, in programma dal 20 novembre all&#8217;11 dicembre. Stasera la torre civica illuminata di blu per l\u2019adesione all\u2019iniziativa di Anci e Unicef \u201cGo Blue\u201d\u00a0\u00a0\u00a0\u00a0\u00a0Nell\u2019anno in cui l\u2019Unicef dedica la Giornata Mondiale dell&#8217;Infanzia alla pace, a Citt\u00e0 di Castello le istituzioni pubbliche fanno squadra con il mondo della [&hellip;]<\/p>\n","protected":false},"author":1,"featured_media":0,"comment_status":"open","ping_status":"open","sticky":false,"template":"","format":"standard","meta":{"_joinchat":[]},"categories":[1],"tags":[],"_links":{"self":[{"href":"https:\/\/www.radioribelle.it\/index.php\/wp-json\/wp\/v2\/posts\/21289"}],"collection":[{"href":"https:\/\/www.radioribelle.it\/index.php\/wp-json\/wp\/v2\/posts"}],"about":[{"href":"https:\/\/www.radioribelle.it\/index.php\/wp-json\/wp\/v2\/types\/post"}],"author":[{"embeddable":true,"href":"https:\/\/www.radioribelle.it\/index.php\/wp-json\/wp\/v2\/users\/1"}],"replies":[{"embeddable":true,"href":"https:\/\/www.radioribelle.it\/index.php\/wp-json\/wp\/v2\/comments?post=21289"}],"version-history":[{"count":1,"href":"https:\/\/www.radioribelle.it\/index.php\/wp-json\/wp\/v2\/posts\/21289\/revisions"}],"predecessor-version":[{"id":21291,"href":"https:\/\/www.radioribelle.it\/index.php\/wp-json\/wp\/v2\/posts\/21289\/revisions\/21291"}],"wp:attachment":[{"href":"https:\/\/www.radioribelle.it\/index.php\/wp-json\/wp\/v2\/media?parent=21289"}],"wp:term":[{"taxonomy":"category","embeddable":true,"href":"https:\/\/www.radioribelle.it\/index.php\/wp-json\/wp\/v2\/categories?post=21289"},{"taxonomy":"post_tag","embeddable":true,"href":"https:\/\/www.radioribelle.it\/index.php\/wp-json\/wp\/v2\/tags?post=21289"}],"curies":[{"name":"wp","href":"https:\/\/api.w.org\/{rel}","templated":true}]}}