{"id":2180,"date":"2022-06-18T15:09:00","date_gmt":"2022-06-18T13:09:00","guid":{"rendered":"https:\/\/www.radioribelle.it\/?p=2180"},"modified":"2022-06-17T19:13:00","modified_gmt":"2022-06-17T17:13:00","slug":"comune-di-arezzo-tempobello","status":"publish","type":"post","link":"https:\/\/www.radioribelle.it\/index.php\/2022\/06\/18\/comune-di-arezzo-tempobello\/","title":{"rendered":"Comune di Arezzo TempoBello"},"content":{"rendered":"\n<div class=\"wp-block-image\"><figure class=\"alignright size-full\"><img loading=\"lazy\" width=\"242\" height=\"208\" src=\"https:\/\/www.radioribelle.it\/wp-content\/uploads\/2022\/06\/lucia.jpg\" alt=\"\" class=\"wp-image-2181\"\/><\/figure><\/div>\n\n\n\n<p>TempoBello: risultati record, 1200 buoni gi\u00e0 accreditati alle famiglie in pochi minuti. I posti disponibili sono circa 2000, pronti a fare altri investimenti ma basta scuole chiuse in estate per mesi<br> Lucia Tanti: \u0093i Comuni non possono fare anche il ruolo dello Stato e le associazioni non hanno personale infinito. Risposta record ma questo boom di richieste dimostra che la scuola non pu\u00f2 chiudere per tre mesi di fila. Chiesto un incontro al Ministro Bianchi: scuole aperte in estate, Arezzo disponibile per diventare citt\u00e0 sperimentale<\/p>\n\n\n\n<!--more-->\n\n\n\n<p>\u0093In citt\u00e0 si sono accreditate per il progetto TempoBello 57 associazioni e il numero complessivo ottimale \u00e8 calcolato in circa 2.000 bambini e bambine, questo per garantire che la proposta sia qualitativamente adeguata ai bisogni e ai diritti dei bambini che in estate hanno chiedono risposte aggregative vere. Del resto, non credo che ci siano famiglie che vogliono mandare i propri figli in strutture non accreditate o \u0091pollaio\u0092 o che non si rendano conto che esiste un tetto numerico oltre il quale il numero dei bambini, correlato allo spazio e alla quantit\u00e0 di educatori non \u00e8 in sicurezza. A proposito di numeri, i nostri sono davvero da record: il Comune di Arezzo, gi\u00e0 dal primo giorno, sostiene oltre l&#8217;80% delle famiglie con un contributo di 150 euro a figlio. \u00c8 evidente che siamo disponibili e pronti a fare altri investimenti ma deve essere chiaro che i buoni messi a disposizione non possono essere superiori ai posti disponibili per partecipare alle attivit\u00e0 estive. Questo boom di richieste dimostra la necessit\u00e0 che oltre ai Comuni si muova anche lo Stato. Ormai \u00e8 intollerabile che le scuole restino chiuse tre mesi. I Comuni fanno la loro parte, nel caso aretino copriamo praticamente il 100% delle disponibilit\u00e0 ma il modello italiano, scuole chiuse in estate, non \u00e8 pi\u00f9 tollerabile. Nessun servizio pubblico resta interdetto per cos\u00ec tanto tempo. Per questo ho chiesto un incontro urgente al Ministro Bianchi che \u00e8 uomo di buon senso. Sono certa che capir\u00e0 che lasciare soli famiglie e Comuni e mettere in ferie la scuola per 90 giorni di fila non \u00e8 pi\u00f9 possibile\u0094.<\/p>\n","protected":false},"excerpt":{"rendered":"<p>TempoBello: risultati record, 1200 buoni gi\u00e0 accreditati alle famiglie in pochi minuti. I posti disponibili sono circa 2000, pronti a fare altri investimenti ma basta scuole chiuse in estate per mesi Lucia Tanti: \u0093i Comuni non possono fare anche il ruolo dello Stato e le associazioni non hanno personale infinito. Risposta record ma questo boom [&hellip;]<\/p>\n","protected":false},"author":1,"featured_media":0,"comment_status":"open","ping_status":"open","sticky":false,"template":"","format":"standard","meta":{"_joinchat":[]},"categories":[1],"tags":[],"_links":{"self":[{"href":"https:\/\/www.radioribelle.it\/index.php\/wp-json\/wp\/v2\/posts\/2180"}],"collection":[{"href":"https:\/\/www.radioribelle.it\/index.php\/wp-json\/wp\/v2\/posts"}],"about":[{"href":"https:\/\/www.radioribelle.it\/index.php\/wp-json\/wp\/v2\/types\/post"}],"author":[{"embeddable":true,"href":"https:\/\/www.radioribelle.it\/index.php\/wp-json\/wp\/v2\/users\/1"}],"replies":[{"embeddable":true,"href":"https:\/\/www.radioribelle.it\/index.php\/wp-json\/wp\/v2\/comments?post=2180"}],"version-history":[{"count":1,"href":"https:\/\/www.radioribelle.it\/index.php\/wp-json\/wp\/v2\/posts\/2180\/revisions"}],"predecessor-version":[{"id":2182,"href":"https:\/\/www.radioribelle.it\/index.php\/wp-json\/wp\/v2\/posts\/2180\/revisions\/2182"}],"wp:attachment":[{"href":"https:\/\/www.radioribelle.it\/index.php\/wp-json\/wp\/v2\/media?parent=2180"}],"wp:term":[{"taxonomy":"category","embeddable":true,"href":"https:\/\/www.radioribelle.it\/index.php\/wp-json\/wp\/v2\/categories?post=2180"},{"taxonomy":"post_tag","embeddable":true,"href":"https:\/\/www.radioribelle.it\/index.php\/wp-json\/wp\/v2\/tags?post=2180"}],"curies":[{"name":"wp","href":"https:\/\/api.w.org\/{rel}","templated":true}]}}