{"id":22040,"date":"2023-12-11T14:33:00","date_gmt":"2023-12-11T13:33:00","guid":{"rendered":"https:\/\/www.radioribelle.it\/?p=22040"},"modified":"2023-12-11T12:05:44","modified_gmt":"2023-12-11T11:05:44","slug":"fine-settimana-di-spettacoli-e-concerti-a-sansepolcro","status":"publish","type":"post","link":"https:\/\/www.radioribelle.it\/index.php\/2023\/12\/11\/fine-settimana-di-spettacoli-e-concerti-a-sansepolcro\/","title":{"rendered":"Fine settimana di spettacoli e concerti a Sansepolcro"},"content":{"rendered":"\n<div class=\"wp-block-image\"><figure class=\"alignright size-large is-resized\"><img loading=\"lazy\" src=\"https:\/\/www.radioribelle.it\/wp-content\/uploads\/2023\/12\/concerto-filarmonica-5-1024x768.jpeg\" alt=\"\" class=\"wp-image-22041\" width=\"278\" height=\"208\" srcset=\"https:\/\/www.radioribelle.it\/wp-content\/uploads\/2023\/12\/concerto-filarmonica-5-1024x768.jpeg 1024w, https:\/\/www.radioribelle.it\/wp-content\/uploads\/2023\/12\/concerto-filarmonica-5-300x225.jpeg 300w, https:\/\/www.radioribelle.it\/wp-content\/uploads\/2023\/12\/concerto-filarmonica-5-768x576.jpeg 768w, https:\/\/www.radioribelle.it\/wp-content\/uploads\/2023\/12\/concerto-filarmonica-5-1536x1152.jpeg 1536w, https:\/\/www.radioribelle.it\/wp-content\/uploads\/2023\/12\/concerto-filarmonica-5-619x464.jpeg 619w, https:\/\/www.radioribelle.it\/wp-content\/uploads\/2023\/12\/concerto-filarmonica-5.jpeg 1600w\" sizes=\"(max-width: 278px) 100vw, 278px\" \/><\/figure><\/div>\n\n\n\n<p>Il ponte dell\u2019Immacolata ha permesso a cittadini e visitatori di immergersi appieno nell\u2019atmosfera natalizia grazie alle tante iniziative organizzate dalle realt\u00e0 locali che hanno messo in scena in citt\u00e0 spettacoli degni di nota.<\/p>\n\n\n\n<!--more-->\n\n\n\n<p>Il primo appuntamento musicale \u00e8 stato quello del gruppo bandistico della Societ\u00e0 Filarmonica dei Perseveranti di Sansepolcro, che, Diretta dal maestro Andrea Marz\u00e0, si \u00e8 esibito per il tradizionale Concerto di Santa Cecilia nella moderna cornice dell\u2019Auditorium della scuola Collodi. La serata musicale, patrocinata dal Comune di Sansepolcro e con le collaborazioni dell&#8217;Associazione Vivere a Borgo Sansepolcro Pro Loco e della Parrocchia della Cattedrale, ha visto un grande successo si pubblico. Presenti amministratori della citt\u00e0, maestranze del Liceo artistico Giovagnoli, presidenti di associazioni e tanti cittadini che vogliono bene alla Banda. Occasione in cui sono stati consegnati diplomi di merito al Liceo G. Giovagnoli, allo Studente Federico Tondo dello stesso istituto e al musicista Giuseppe Fiordimela. Una serata che aveva non solo lo scopo di allietare i presenti, ma anche di fare solidariet\u00e0, infatti sono stati raccolti fondi per un totale di 500 euro per il pavimento della chiesa di San Lorenzo.<\/p>\n\n\n\n<p>Altro evento notevole \u00e8 stato quello di sabato 9 dicembre svoltosi nella suggestiva Sala della resurrezione nel Museo Civico di Sansepolcro dove, di fronte ad un pubblico attendo, si \u00e8 esibito il liutista statunitense Hopkinson Smith in una vera e propria immersione nel rinascimento. L\u2019evento, organizzato dall\u2019associazione Amici della Musica ed Emanuele Serra ha registrato il Sold Out gi\u00e0 dai giorni precedenti il concerto, dimostrando un grande interesse nei confronti di questo affascinante genere musicale.<\/p>\n\n\n\n<p>Il periodo natalizio sar\u00e0 ancora ricco di spettacoli che sapranno coinvolgere appassionati e non in un\u2019atmosfera suggestiva e festosa.<\/p>\n","protected":false},"excerpt":{"rendered":"<p>Il ponte dell\u2019Immacolata ha permesso a cittadini e visitatori di immergersi appieno nell\u2019atmosfera natalizia grazie alle tante iniziative organizzate dalle realt\u00e0 locali che hanno messo in scena in citt\u00e0 spettacoli degni di nota.<\/p>\n","protected":false},"author":1,"featured_media":0,"comment_status":"open","ping_status":"open","sticky":false,"template":"","format":"standard","meta":{"_joinchat":[]},"categories":[1],"tags":[],"_links":{"self":[{"href":"https:\/\/www.radioribelle.it\/index.php\/wp-json\/wp\/v2\/posts\/22040"}],"collection":[{"href":"https:\/\/www.radioribelle.it\/index.php\/wp-json\/wp\/v2\/posts"}],"about":[{"href":"https:\/\/www.radioribelle.it\/index.php\/wp-json\/wp\/v2\/types\/post"}],"author":[{"embeddable":true,"href":"https:\/\/www.radioribelle.it\/index.php\/wp-json\/wp\/v2\/users\/1"}],"replies":[{"embeddable":true,"href":"https:\/\/www.radioribelle.it\/index.php\/wp-json\/wp\/v2\/comments?post=22040"}],"version-history":[{"count":1,"href":"https:\/\/www.radioribelle.it\/index.php\/wp-json\/wp\/v2\/posts\/22040\/revisions"}],"predecessor-version":[{"id":22042,"href":"https:\/\/www.radioribelle.it\/index.php\/wp-json\/wp\/v2\/posts\/22040\/revisions\/22042"}],"wp:attachment":[{"href":"https:\/\/www.radioribelle.it\/index.php\/wp-json\/wp\/v2\/media?parent=22040"}],"wp:term":[{"taxonomy":"category","embeddable":true,"href":"https:\/\/www.radioribelle.it\/index.php\/wp-json\/wp\/v2\/categories?post=22040"},{"taxonomy":"post_tag","embeddable":true,"href":"https:\/\/www.radioribelle.it\/index.php\/wp-json\/wp\/v2\/tags?post=22040"}],"curies":[{"name":"wp","href":"https:\/\/api.w.org\/{rel}","templated":true}]}}