{"id":22146,"date":"2023-12-14T16:02:00","date_gmt":"2023-12-14T15:02:00","guid":{"rendered":"https:\/\/www.radioribelle.it\/?p=22146"},"modified":"2023-12-15T17:03:15","modified_gmt":"2023-12-15T16:03:15","slug":"un-ponte-nuovo-per-rigutino","status":"publish","type":"post","link":"https:\/\/www.radioribelle.it\/index.php\/2023\/12\/14\/un-ponte-nuovo-per-rigutino\/","title":{"rendered":"Un ponte nuovo per Rigutino\u201d"},"content":{"rendered":"\n<div class=\"wp-block-image\"><figure class=\"alignleft size-large is-resized\"><img loading=\"lazy\" src=\"https:\/\/www.radioribelle.it\/wp-content\/uploads\/2023\/12\/ponte-875x1024.jpg\" alt=\"\" class=\"wp-image-22147\" width=\"192\" height=\"225\" srcset=\"https:\/\/www.radioribelle.it\/wp-content\/uploads\/2023\/12\/ponte-875x1024.jpg 875w, https:\/\/www.radioribelle.it\/wp-content\/uploads\/2023\/12\/ponte-256x300.jpg 256w, https:\/\/www.radioribelle.it\/wp-content\/uploads\/2023\/12\/ponte-768x899.jpg 768w, https:\/\/www.radioribelle.it\/wp-content\/uploads\/2023\/12\/ponte-619x724.jpg 619w, https:\/\/www.radioribelle.it\/wp-content\/uploads\/2023\/12\/ponte.jpg 906w\" sizes=\"(max-width: 192px) 100vw, 192px\" \/><\/figure><\/div>\n\n\n\n<p>\u201cOggi \u00e8 stato demolito un ponte posto nel centro abitato di Rigutino e che collegava via della Stazione alla zona di Nocetella, in quanto non pi\u00f9 a norma in materia di sicurezza idraulica. La passerella, pur essendo privata, da sempre \u00e8 stata utilizzata dalla popolazione locale per i vari spostamenti pedonali e garantiva l\u2019unico collegamento interno al paese che non fosse la S.R. 71. <\/p>\n\n\n\n<!--more-->\n\n\n\n<p>Di conseguenza gli abitanti di Rigutino saranno costretti a compiere un percorso molto pi\u00f9 lungo ma soprattutto molto pi\u00f9 pericoloso in quanto la strada suddetta \u00e8 caratterizzata da alta frequentazione veicolare ed \u00e8 stata teatro di ripetuti e gravi sinistri registrati anche all\u2019interno della frazione. Ad aggravare la situazione \u00e8 l\u2019esistenza di un solo marciapiede lungo la S.R. 71 in grado di ospitare il transito di passeggini, sedie a rotelle o deambulatori, pertanto per i cittadini con disabilit\u00e0 o con mobilit\u00e0 ridotta sar\u00e0 necessario attraversarla ben due volte per raggiungere i luoghi che il ponte in questione collegava. Per questo ho chiesto al sindaco e all\u2019assessore competente di attivarsi celermente al fine di mettere in atto tutte le misure necessarie, amministrative e tecniche, per realizzare in tempi certi una nuova passerella pedonale per consentire la mobilit\u00e0 interna al paese in piena sicurezza come richiesto dai residenti di Rigutino\u201d.<\/p>\n","protected":false},"excerpt":{"rendered":"<p>\u201cOggi \u00e8 stato demolito un ponte posto nel centro abitato di Rigutino e che collegava via della Stazione alla zona di Nocetella, in quanto non pi\u00f9 a norma in materia di sicurezza idraulica. La passerella, pur essendo privata, da sempre \u00e8 stata utilizzata dalla popolazione locale per i vari spostamenti pedonali e garantiva l\u2019unico collegamento [&hellip;]<\/p>\n","protected":false},"author":1,"featured_media":0,"comment_status":"open","ping_status":"open","sticky":false,"template":"","format":"standard","meta":{"_joinchat":[]},"categories":[1],"tags":[],"_links":{"self":[{"href":"https:\/\/www.radioribelle.it\/index.php\/wp-json\/wp\/v2\/posts\/22146"}],"collection":[{"href":"https:\/\/www.radioribelle.it\/index.php\/wp-json\/wp\/v2\/posts"}],"about":[{"href":"https:\/\/www.radioribelle.it\/index.php\/wp-json\/wp\/v2\/types\/post"}],"author":[{"embeddable":true,"href":"https:\/\/www.radioribelle.it\/index.php\/wp-json\/wp\/v2\/users\/1"}],"replies":[{"embeddable":true,"href":"https:\/\/www.radioribelle.it\/index.php\/wp-json\/wp\/v2\/comments?post=22146"}],"version-history":[{"count":1,"href":"https:\/\/www.radioribelle.it\/index.php\/wp-json\/wp\/v2\/posts\/22146\/revisions"}],"predecessor-version":[{"id":22148,"href":"https:\/\/www.radioribelle.it\/index.php\/wp-json\/wp\/v2\/posts\/22146\/revisions\/22148"}],"wp:attachment":[{"href":"https:\/\/www.radioribelle.it\/index.php\/wp-json\/wp\/v2\/media?parent=22146"}],"wp:term":[{"taxonomy":"category","embeddable":true,"href":"https:\/\/www.radioribelle.it\/index.php\/wp-json\/wp\/v2\/categories?post=22146"},{"taxonomy":"post_tag","embeddable":true,"href":"https:\/\/www.radioribelle.it\/index.php\/wp-json\/wp\/v2\/tags?post=22146"}],"curies":[{"name":"wp","href":"https:\/\/api.w.org\/{rel}","templated":true}]}}