{"id":22205,"date":"2023-12-25T06:04:00","date_gmt":"2023-12-25T05:04:00","guid":{"rendered":"https:\/\/www.radioribelle.it\/?p=22205"},"modified":"2023-12-14T11:06:00","modified_gmt":"2023-12-14T10:06:00","slug":"il-natale-e-la-festa-che-celebra-la-nascita-di-gesu","status":"publish","type":"post","link":"https:\/\/www.radioribelle.it\/index.php\/2023\/12\/25\/il-natale-e-la-festa-che-celebra-la-nascita-di-gesu\/","title":{"rendered":"Il Natale \u00e8 la festa che celebra la nascita di Ges\u00f9"},"content":{"rendered":"\n<div class=\"wp-block-image\"><figure class=\"aligncenter size-full is-resized\"><img loading=\"lazy\" src=\"https:\/\/www.radioribelle.it\/wp-content\/uploads\/2023\/12\/Il-vero-significato-del-Natale.jpg\" alt=\"\" class=\"wp-image-22206\" width=\"393\" height=\"252\" srcset=\"https:\/\/www.radioribelle.it\/wp-content\/uploads\/2023\/12\/Il-vero-significato-del-Natale.jpg 900w, https:\/\/www.radioribelle.it\/wp-content\/uploads\/2023\/12\/Il-vero-significato-del-Natale-300x193.jpg 300w, https:\/\/www.radioribelle.it\/wp-content\/uploads\/2023\/12\/Il-vero-significato-del-Natale-768x493.jpg 768w, https:\/\/www.radioribelle.it\/wp-content\/uploads\/2023\/12\/Il-vero-significato-del-Natale-619x398.jpg 619w\" sizes=\"(max-width: 393px) 100vw, 393px\" \/><\/figure><\/div>\n\n\n\n<p>Il Natale \u00e8 la festa che celebra la nascita di Ges\u00f9 e che, per la chiesa cristiana, ricade il\u00a025 dicembre. Nel corso dei secoli ci si \u00e8 interrogati spesso sulle origini di questa celebrazione. Per ripercorrere gli eventi che hanno contribuito alla scelta della data in cui festeggiare il Natale dobbiamo ricorrere a un testo molto antico, il\u00a0<em>Cronografo dell\u2019anno 354<\/em>. Questo documento racconta di una festa che si celebrava a Roma proprio in occasione del 25 dicembre.<\/p>\n\n\n\n<!--more-->\n\n\n\n<p>Non sappiamo molto delle&nbsp;origini storiche&nbsp;e i mezzi che abbiamo per approfondire questo argomento sono frutto di diverse ipotesi. Probabilmente la data \u00e8 stata fissata al 25 dicembre poich\u00e9 nel corso di questa giornata si festeggiava una ricorrenza pagana, il&nbsp;solstizio d\u2019inverno&nbsp;che veniva chiamato \u201cNatalis Solis Invicti\u201d, ovvero la&nbsp;nascita del nuovo sole. Come accade spesso, anche in questo caso la&nbsp;tradizione cristiana&nbsp;si lega a quella popolare e contadina. Infatti, nello stesso periodo si festeggiavano tante altre ricorrenze legate al mondo rurale. Durante il solstizio, il popolo celebrava anche i&nbsp;Saturnali&nbsp;in onore di Saturno, il dio dell\u2019agricoltura, durante i quali gli schiavi ricevevano dei doni dai loro padroni e l\u2019invito a sedere alla stessa mensa come dei cittadini liberi. Questa tradizione si ricollega anche al consueto&nbsp;scambio di doni&nbsp;ancora oggi presente nei rituali di natalizi. Il Natale coincide dunque con due celebrazioni, da un lato il solstizio d\u2019inverno e dall\u2019altro le&nbsp;feste de Secondo il&nbsp;calendario liturgico&nbsp;il Natale \u00e8 una solennit\u00e0 molto importante, ancor di pi\u00f9 dell\u2019Ascensione e della&nbsp;<a rel=\"noreferrer noopener\" href=\"https:\/\/www.myriamartesacrastore.it\/blog\/cosa-significa-pentecoste.html\" target=\"_blank\">Pentecoste<\/a>. La Pasqua invece \u00e8 considerata la festa cristiana pi\u00f9 importate di tutte, incluso il Natale. Nonostante questo, resta comunque&nbsp;la festa pi\u00f9 sentita e attesa&nbsp;per i fedeli di tutto il mondo.<\/p>\n\n\n\n<p>Quando \u00e8 nato Ges\u00f9? Se il 25 dicembre \u00e8 una data scelta per diverse ragioni, qual \u00e8 la vera&nbsp;data di nascita di Ges\u00f9? Purtroppo ancora oggi questa informazione \u00e8 sconosciuta. Non compare nei Vangeli e non \u00e8 presente in altri scritti contemporanei. Per questo motivo i cristiani iniziarono a sviluppare tradizioni diverse e basate sui ragionamenti teologici. Nel corso del tempo infatti, la nascita di Cristo veniva&nbsp;collocata in momenti diversi dell\u2019anno, anche se generalmente ricadeva sempre nel periodo invernale.<\/p>\n\n\n\n<p>Il filosofo&nbsp;Clemente Alessandrino&nbsp;(150 \u2013 215 d. C.) scriveva: \u201c<em>Non si contentano di sapere in che anno \u00e8 nato il Signore, ma con curiosit\u00e0 troppo spinta vanno a cercarne anche il giorno<\/em>\u201d (Stromata, I,21,146). In questo testo viene messa in luce la forte curiosit\u00e0 per i fedeli di scoprire la vera data di nascita di Ges\u00f9. E osservando il testo pi\u00f9 affondo, possiamo notare l\u2019esistenza di una tradizione molto antica. Una civilt\u00e0 che non ha mai smesso di trovare la risposta a questa misteriosa domanda:&nbsp;quando \u00e8 nato Ges\u00f9? Quello che \u00e8 certo \u00e8 che fin dai primi secoli i fedeli collocavano questo importante evento nel periodo invernale. Secondo gli studiosi, la tradizione prende spunto dalla data in cui i&nbsp;seguaci di Basilide&nbsp;celebravano il Natale, tra il 6 e il 10 gennaio.<\/p>\n\n\n\n<p>\u00c8 solo nel Novecento che il dibattito sulla sua nascita apr\u00ec la strada a una nuova prospettiva alternativa o complementare a quella proposta dalla tradizione. Ci riferiamo all\u2019ipotesi di istituire il Natale in&nbsp;sostituzione della festa pagana del Sol Invictus   Nel corso dei secoli alcuni studiosi hanno cercato di trovare una risposta definitiva al quesito. In particolare, ricordiamo le ricerche di&nbsp;Shemarjahu Talmon, dell\u2019Universit\u00e0 Ebraica di Gerusalemme. Talmon si preoccup\u00f2 di ricostruire le turnazioni sacerdotali degli ebrei e di applicarle al&nbsp;calendario gregoriano&nbsp;riuscendo cos\u00ec a confermare a tutti gli effetti la data di celebrazione del Natale. Anche la&nbsp;tradizione ebraica&nbsp;celebra una ricorrenza religiosa molto importante in corrispondenza del Santo Natale. Infatti, la festa ebraica della&nbsp;Rivendicazione del Tempio, la&nbsp;Hanukkah, cade il venticinquesimo giorno di&nbsp;Kislev, un mese che corrisponde indicativamente a novembre o dicembre. Questa festa ha un significato molto diverso, dura 8 giorni e non sembra aver influenzato la tradizione del Natale cristiano.<\/p>\n\n\n\n<p>Le prime celebrazioni del Natale a Roma<\/p>\n\n\n\n<p>La&nbsp;prima celebrazione del Natale a Roma risale al 336, prima di allora era una celebrazione pagana dedicata al Sole. Nel 354&nbsp;papa Liberio&nbsp;decise di fissare la data del 25 dicembre come quella della nascita di Cristo. Da Roma la festa si diffuse a Milano intorno alla fine del IV secolo per poi raggiungere tutte le diocesi dell\u2019Italia settentrionale. I&nbsp;regali di natale rappresentano ormai una consuetudine. Oggi \u00e8 quasi scontato regalare qualcosa a parenti e amici in occasione del 25 dicembre, fa parte della nostra tradizione, anche se non sempre \u00e8 stato cos\u00ec. Lo scambio dei regali appartiene infatti alla tradizione cristiana pi\u00f9 moderna e si ricollega ai&nbsp;doni&nbsp;che Ges\u00f9 Bambino ricevette in occasione della sua nascita:&nbsp;oro, incenso e mirra.  Verso la fine del Medioevo gli adulti iniziarono a&nbsp;donare i primi regali ai bambini&nbsp;per fargli ricordare la nascita di Ges\u00f9 come un momento di grande gioia. Lo scambio dei regali ha quindi un sottile legame con la religione, anche se nei secoli ha iniziato a rivestire un ruolo sempre pi\u00f9 consumistico. Dall\u2019Europa all\u2019America, i primi coloni irlandesi diedero il via alla&nbsp;cultura del dono&nbsp;che si sleg\u00f2 quasi completamente dal significato pi\u00f9 spirituale. \u00c8 in America che ha origine la tradizione che vede come protagonista&nbsp;San Nicola, meglio noto come&nbsp;Santa Claus&nbsp;e&nbsp;Babbo Natale. Questa figura iconica, ancora oggi, ha il compito di portare i doni ai bambini nelle feste natalizie.<\/p>\n","protected":false},"excerpt":{"rendered":"<p>Il Natale \u00e8 la festa che celebra la nascita di Ges\u00f9 e che, per la chiesa cristiana, ricade il\u00a025 dicembre. Nel corso dei secoli ci si \u00e8 interrogati spesso sulle origini di questa celebrazione. Per ripercorrere gli eventi che hanno contribuito alla scelta della data in cui festeggiare il Natale dobbiamo ricorrere a un testo [&hellip;]<\/p>\n","protected":false},"author":1,"featured_media":0,"comment_status":"open","ping_status":"open","sticky":false,"template":"","format":"standard","meta":{"_joinchat":[]},"categories":[1],"tags":[],"_links":{"self":[{"href":"https:\/\/www.radioribelle.it\/index.php\/wp-json\/wp\/v2\/posts\/22205"}],"collection":[{"href":"https:\/\/www.radioribelle.it\/index.php\/wp-json\/wp\/v2\/posts"}],"about":[{"href":"https:\/\/www.radioribelle.it\/index.php\/wp-json\/wp\/v2\/types\/post"}],"author":[{"embeddable":true,"href":"https:\/\/www.radioribelle.it\/index.php\/wp-json\/wp\/v2\/users\/1"}],"replies":[{"embeddable":true,"href":"https:\/\/www.radioribelle.it\/index.php\/wp-json\/wp\/v2\/comments?post=22205"}],"version-history":[{"count":1,"href":"https:\/\/www.radioribelle.it\/index.php\/wp-json\/wp\/v2\/posts\/22205\/revisions"}],"predecessor-version":[{"id":22207,"href":"https:\/\/www.radioribelle.it\/index.php\/wp-json\/wp\/v2\/posts\/22205\/revisions\/22207"}],"wp:attachment":[{"href":"https:\/\/www.radioribelle.it\/index.php\/wp-json\/wp\/v2\/media?parent=22205"}],"wp:term":[{"taxonomy":"category","embeddable":true,"href":"https:\/\/www.radioribelle.it\/index.php\/wp-json\/wp\/v2\/categories?post=22205"},{"taxonomy":"post_tag","embeddable":true,"href":"https:\/\/www.radioribelle.it\/index.php\/wp-json\/wp\/v2\/tags?post=22205"}],"curies":[{"name":"wp","href":"https:\/\/api.w.org\/{rel}","templated":true}]}}