{"id":22436,"date":"2023-12-22T15:44:00","date_gmt":"2023-12-22T14:44:00","guid":{"rendered":"https:\/\/www.radioribelle.it\/?p=22436"},"modified":"2023-12-23T22:08:01","modified_gmt":"2023-12-23T21:08:01","slug":"lapprovazione-del-bilancio-di-previsione-finanziario-2024-2026","status":"publish","type":"post","link":"https:\/\/www.radioribelle.it\/index.php\/2023\/12\/22\/lapprovazione-del-bilancio-di-previsione-finanziario-2024-2026\/","title":{"rendered":"L\u2019approvazione del bilancio di previsione finanziario 2024\/2026"},"content":{"rendered":"\n<div class=\"wp-block-image\"><figure class=\"alignright size-full\"><img loading=\"lazy\" width=\"171\" height=\"295\" src=\"https:\/\/www.radioribelle.it\/wp-content\/uploads\/2023\/12\/COMUNE.jpeg\" alt=\"\" class=\"wp-image-22437\"\/><\/figure><\/div>\n\n\n\n<p>AREZZO &#8211; L\u2019approvazione del documento unico di programmazione costituisce elemento indispensabile e propedeutico per l\u2019approvazione del bilancio di previsione finanziario 2024\/2026, quest\u2019ultimo all\u2019ordine del giorno nella seduta di gioved\u00ec prossimo<\/p>\n\n\n\n<!--more-->\n\n\n\n<p>Il Dup si articola nelle cinque linee strategiche che riportano i capisaldi programmatici dell\u2019attuale amministrazione: \u201cLa citt\u00e0 di tutti e di ciascuno\u201d, \u201cLa citt\u00e0 della crescita sostenibile\u201d, La citt\u00e0 della cultura come capitale\u201d, \u201cLa citt\u00e0 europea, resiliente e innovativa\u201d, \u201cLa citt\u00e0 del benessere\u201d. Introdotto per i Comuni nel 2011 con decreto legislativo, si compone di due sezioni: strategica e operativa. La prima \u00e8 di carattere generale e sviluppa, in coerenza con il quadro normativo di riferimento, gli indirizzi dell\u2019ente con un orizzonte temporale di riferimento pari a quello del mandato amministrativo. La seconda contiene la programmazione operativa dell\u2019ente avendo a riferimento un arco temporale corrispondente al bilancio triennale di previsione. L\u2019assessore Alberto Merelli entrando nello specifico delle cinque linee strategiche ha ricordato i punti salienti che le traducono: \u201cin merito alla prima abbiamo cercato di sviluppare e promuovere il ruolo dei Cas anche alla luce della scomparsa delle circoscrizioni. Tra le altre azioni individuate, abbiamo: il potenziamento degli investimenti per il terzo settore grazie alla Fondazione Arezzo Comunit\u00e0 che dovr\u00e0 essere implementata anche nel numero dei soci che sono gi\u00e0 50, progetti per famiglie e bambini, lo sviluppo della polizia locale, l\u2019anagrafe della coesione sociale come tavolo condiviso tra tutti gli operatori coinvolti per evitare \u2018migrazioni\u2019 da uno sportello all\u2019altro, servizi di volontariato che facilitino persone con ridotta mobilit\u00e0, incentivazione della fruizione sportiva. Il motore della seconda linea strategica \u00e8 la Fondazione Arezzo InTour. In merito alla terza linea strategica, puntiamo per il 2025 a rendere Arezzo una delle citt\u00e0 pi\u00f9 digitali d\u2019Italia. E ancora: sviluppo del turismo religioso, culturale ed enogastronomico, lo sviluppo di Oro d\u2019Autore, la riduzione della quantit\u00e0 e l\u2019aumento della qualit\u00e0 dei rifiuti prodotti, il progetto Arezzo Green, l\u2019implementazione della Fondazione Guido d\u2019Arezzo, la valorizzazione dell\u2019anniversario che riguarda Giorgio Vasari, il sostegno economico delle associazioni che lavorano con i giovani, la comunicazione con i cittadini tramite gli strumenti che quotidianamente utilizziamo con gli smartphone. La quarta linea strategica vede protagonisti il Pionta, la riqualificazione dell\u2019area ex Cadorna, uno studio di fattibilit\u00e0 dell\u2019anello a nord, la riduzione del rischio idraulico, il progetto di terzo luogo. La quinta prevede partnership con Arezzo Casa per la manutenzione dell\u2019edilizia residenziale pubblica, di affrontare il tema della morosit\u00e0, la protezione delle donne vittime di violenza, la protezione degli animali, un cimitero per gli animali di affezione, l\u2019ambulatorio veterinario sociale e il progetto di una sanit\u00e0 del futuro incentrata innanzitutto sulla seconda casa della salute al Baldaccio. Sono 40.297.000 euro i fondi Pnrr di cui dispone il Comune. Il 2023 \u00e8 stato un anno importante per quanto riguarda la progettazione e l\u2019affidamento delle gare, i successivi si caratterizzeranno per la loro realizzazione anche perch\u00e9 siamo dentro al cronoprogramma che ci siamo dati. A questo punto i numeri del bilancio che illustrer\u00f2 gioved\u00ec andranno letti nell\u2019ambito di questa cornice generale\u201d. Ralli ha riconosciuto le luci del Dup, \u201cma il mio ruolo evidentemente \u00e8 quello di rimarcarne le ombre, dal turismo oggettivamente cresciuto nell\u2019ambito per\u00f2 di una citt\u00e0 che non sembra pronta ad assorbire questo sviluppo, dal numero molto alto di progetti che porta a inevitabili difficolt\u00e0 nel realizzarli tutti, dalle opere pubbliche ancora al palo e che sembrano trovare realizzazione solo negli ultimi anni di consiliatura. Il cavallo di battaglia di Arezzo capitale della cultura sembra oramai tramontato\u201d. Michele Menchetti ha lanciato lo slogan \u201cmeno fondazioni e pi\u00f9 Comune. Sono contrario a questa scelta di esternalizzare, specialmente per quanto riguarda scuola e sociale. I numeri del turismo si sono visti ma occorre migliorare l\u2019accoglienza sotto ogni punto di vista, parcheggi, circolazione stradale, bagni pubblici. Si parla poi di gestione dei rifiuti e di aumento della differenziata ma al contempo, contraddittoriamente, di sviluppo dell\u2019incenerimento. Vorrei sapere poi il destino dei 175.000 euro destinati lo scorso anno alle mura di Castelsecco. Le risposte sui giovani e sui problemi che affrontano risultano insufficienti e non si pu\u00f2 pensare a un dormitorio aperto solo per un periodo dall\u2019anno come se stare di notte all\u2019aperto fosse meno disagevole in certi mesi\u201d. Per Marco Donati \u201cla premessa politica del Dup non \u00e8 stata un atto particolarmente edificante. E mi riferisco al richiamo scritto del sindaco e del presidente del Consiglio Comunale ai consiglieri comunali di maggioranza, pretendendo la loro presenza alle sedute. Quando ogni consigliere comunale esercita la sua funzione senza vincolo di mandato. Ma c\u2019\u00e8 bisogno per una maggioranza di ricordarsi di votare i documenti pi\u00f9 importanti? Si amministra con il cuore non solo con i numeri. Molti giovani non vedono la citt\u00e0 del benessere, molte famiglie non vedono la citt\u00e0 dell\u2019inclusivit\u00e0. Le classifiche non sono lusinghiere sulla raccolta dei rifiuti e sulla digitalizzazione. Trovo poi difficolt\u00e0 a trovare indicatori di vitalit\u00e0 turistica, che non pu\u00f2 essere ridotta al periodo natalizio. Sulle opere pubbliche qualche difficolt\u00e0 c\u2019\u00e8 stata\u201d. Valentina Vaccari: \u201cquando metteremo in rete tutti gli attori protagonisti sul tema della scuola? Per affrontare ad esempio l\u2019abbandono scolastico i cui dati sono allarmanti. Perch\u00e9 avviene? Gi\u00e0 alle medie abbiamo classi con ragazzi che hanno superato l\u2019et\u00e0 per frequentarle, magari immigrati annuali o biennali, con conseguenti problemi linguistici o di bullismo. Chi frequenta una terza media a 17 anni, magari non ha voglia di trascorrere del tempo con ragazzini pi\u00f9 piccoli. Tutto poi si lega: dalla scuola le discriminazioni arrivano al mondo del lavoro\u201d.gli emendamenti illustrati da Francesco Romizi, sui Cas da valorizzare e promuovere pi\u00f9 di quanto faccia la giunta, sulle soluzioni da trovare per le famiglie pi\u00f9 fragili e i servizi di cui dovrebbero beneficare, sulla ripartenza dei progetti della Citt\u00e0 dei Bambini e del vigile di quartiere, sulla riapertura della Casa delle Culture e la riattivazione degli Sprar, il sistema di protezione dei richiedenti asilo e rifugiati, sulla sicurezza nel lavoro e l\u2019accesso al credito, sul piano comunale per la riduzione dei rifiuti, sulla valorizzazione del verde, sulla mobilit\u00e0 urbana e il servizio pubblico locale da rendere prevalente rispetto all\u2019auto privata, sul servizio idrico, sulla nuova sede della PM da realizzare in via Tagliamento, sull\u2019eliminazione del cosiddetto anello a nord. L\u2019assessore Alberto Merelli ha definito \u201cirricevibili gli emendamenti. Per la ragione fondamentale che il Dup \u00e8 la proiezione del programma elettorale del sindaco ed evidentemente se quel programma \u00e8 risultato vincente ed \u00e8 stato premiato rispetto a programmi diversi, non potr\u00e0 certo essere mutato sulla base delle previsioni contenute nei secondi\u201d. Gli emendamenti sono stati respinti.<\/p>\n\n\n\n<p>Il Dup \u00e8 stato approvato con 18 voti favorevoli e 10 contrari, 28 i votanti.<\/p>\n","protected":false},"excerpt":{"rendered":"<p>AREZZO &#8211; L\u2019approvazione del documento unico di programmazione costituisce elemento indispensabile e propedeutico per l\u2019approvazione del bilancio di previsione finanziario 2024\/2026, quest\u2019ultimo all\u2019ordine del giorno nella seduta di gioved\u00ec prossimo<\/p>\n","protected":false},"author":1,"featured_media":0,"comment_status":"open","ping_status":"open","sticky":false,"template":"","format":"standard","meta":{"_joinchat":[]},"categories":[1],"tags":[],"_links":{"self":[{"href":"https:\/\/www.radioribelle.it\/index.php\/wp-json\/wp\/v2\/posts\/22436"}],"collection":[{"href":"https:\/\/www.radioribelle.it\/index.php\/wp-json\/wp\/v2\/posts"}],"about":[{"href":"https:\/\/www.radioribelle.it\/index.php\/wp-json\/wp\/v2\/types\/post"}],"author":[{"embeddable":true,"href":"https:\/\/www.radioribelle.it\/index.php\/wp-json\/wp\/v2\/users\/1"}],"replies":[{"embeddable":true,"href":"https:\/\/www.radioribelle.it\/index.php\/wp-json\/wp\/v2\/comments?post=22436"}],"version-history":[{"count":1,"href":"https:\/\/www.radioribelle.it\/index.php\/wp-json\/wp\/v2\/posts\/22436\/revisions"}],"predecessor-version":[{"id":22438,"href":"https:\/\/www.radioribelle.it\/index.php\/wp-json\/wp\/v2\/posts\/22436\/revisions\/22438"}],"wp:attachment":[{"href":"https:\/\/www.radioribelle.it\/index.php\/wp-json\/wp\/v2\/media?parent=22436"}],"wp:term":[{"taxonomy":"category","embeddable":true,"href":"https:\/\/www.radioribelle.it\/index.php\/wp-json\/wp\/v2\/categories?post=22436"},{"taxonomy":"post_tag","embeddable":true,"href":"https:\/\/www.radioribelle.it\/index.php\/wp-json\/wp\/v2\/tags?post=22436"}],"curies":[{"name":"wp","href":"https:\/\/api.w.org\/{rel}","templated":true}]}}