{"id":22700,"date":"2023-12-30T08:02:00","date_gmt":"2023-12-30T07:02:00","guid":{"rendered":"https:\/\/www.radioribelle.it\/?p=22700"},"modified":"2023-12-31T18:02:54","modified_gmt":"2023-12-31T17:02:54","slug":"progetto-vasari-2024","status":"publish","type":"post","link":"https:\/\/www.radioribelle.it\/index.php\/2023\/12\/30\/progetto-vasari-2024\/","title":{"rendered":"Progetto \u201cVasari 2024\u201d"},"content":{"rendered":"\n<div class=\"wp-block-image\"><figure class=\"alignright size-full is-resized\"><img loading=\"lazy\" src=\"https:\/\/www.radioribelle.it\/wp-content\/uploads\/2023\/12\/vasari.jpg\" alt=\"\" class=\"wp-image-22701\" width=\"207\" height=\"207\" srcset=\"https:\/\/www.radioribelle.it\/wp-content\/uploads\/2023\/12\/vasari.jpg 675w, https:\/\/www.radioribelle.it\/wp-content\/uploads\/2023\/12\/vasari-300x300.jpg 300w, https:\/\/www.radioribelle.it\/wp-content\/uploads\/2023\/12\/vasari-150x150.jpg 150w, https:\/\/www.radioribelle.it\/wp-content\/uploads\/2023\/12\/vasari-619x619.jpg 619w\" sizes=\"(max-width: 207px) 100vw, 207px\" \/><\/figure><\/div>\n\n\n\n<p>Approvato l&#8217;accordo di collaborazione tra Comune, Fondazione CRF e Fondazione Guido d&#8217;Arezzo Ghinelli: \u201cUna mostra internazionale per celebrare la straordinaria figura del maestro aretino\u201d Approvato dalla giunta l&#8217;accordo di collaborazione tra Comune di Arezzo, Fondazione Cassa di Risparmio di Firenze e Fondazione Guido d&#8217;Arezzo per la realizzazione del progetto \u201cVasari 2024\u201d. <\/p>\n\n\n\n<!--more-->\n\n\n\n<p>Prende quindi forma il percorso che porter\u00e0 il prossimo anno, in occasione del 450\u00b0 anniversario della morte di Giorgio Vasari, alla realizzazione di una mostra a lui dedicata all&#8217;interno di un programma comunque pi\u00f9 vasto e comprensivo di iniziative, eventi ed appuntamenti non solo espositivi, dedicati alla figura del grande maestro aretino e che saranno calendarizzati per l&#8217;occasione. Al centro della programmazione, la mostra internazionale di forte valenza scientifica che verr\u00e0 ospitata in citt\u00e0 e che valorizzer\u00e0 la figura di Giorgio Vasari, artista e letterato, protagonista assoluto della cultura umanistica del suo tempo. L&#8217;intero progetto \u201cVasari 2024\u201d si avvale di un comitato scientifico, composto da esperti di chiara fama, coordinato dalla professoressa Cristina Acidini e dal professor Carlo Sisi. \u201cSi tratta di un accordo importantissimo che consentir\u00e0 alla citt\u00e0 di Arezzo di realizzare un programma di grande livello artistico, culturale e scientifico in occasione delle celebrazioni vasariane &#8211; commenta il sindaco Alessandro Ghinelli -. La straordinaria figura storica e culturale di Giorgio Vasari sar\u00e0 protagonista di un evento culturale fortemente significativo che porter\u00e0 Arezzo al centro dell&#8217;interesse artistico nazionale. Ringrazio fin d&#8217;ora in particolare i componenti del comitato scientifico delle celebrazioni che si stanno adoperando per la realizzazione di una mostra che offrir\u00e0 l&#8217;occasione unica e irripetibile di ammirare insieme le opere pi\u00f9 significative del maestro aretino\u201d.<\/p>\n","protected":false},"excerpt":{"rendered":"<p>Approvato l&#8217;accordo di collaborazione tra Comune, Fondazione CRF e Fondazione Guido d&#8217;Arezzo Ghinelli: \u201cUna mostra internazionale per celebrare la straordinaria figura del maestro aretino\u201d Approvato dalla giunta l&#8217;accordo di collaborazione tra Comune di Arezzo, Fondazione Cassa di Risparmio di Firenze e Fondazione Guido d&#8217;Arezzo per la realizzazione del progetto \u201cVasari 2024\u201d.<\/p>\n","protected":false},"author":1,"featured_media":0,"comment_status":"open","ping_status":"open","sticky":false,"template":"","format":"standard","meta":{"_joinchat":[]},"categories":[1],"tags":[],"_links":{"self":[{"href":"https:\/\/www.radioribelle.it\/index.php\/wp-json\/wp\/v2\/posts\/22700"}],"collection":[{"href":"https:\/\/www.radioribelle.it\/index.php\/wp-json\/wp\/v2\/posts"}],"about":[{"href":"https:\/\/www.radioribelle.it\/index.php\/wp-json\/wp\/v2\/types\/post"}],"author":[{"embeddable":true,"href":"https:\/\/www.radioribelle.it\/index.php\/wp-json\/wp\/v2\/users\/1"}],"replies":[{"embeddable":true,"href":"https:\/\/www.radioribelle.it\/index.php\/wp-json\/wp\/v2\/comments?post=22700"}],"version-history":[{"count":1,"href":"https:\/\/www.radioribelle.it\/index.php\/wp-json\/wp\/v2\/posts\/22700\/revisions"}],"predecessor-version":[{"id":22702,"href":"https:\/\/www.radioribelle.it\/index.php\/wp-json\/wp\/v2\/posts\/22700\/revisions\/22702"}],"wp:attachment":[{"href":"https:\/\/www.radioribelle.it\/index.php\/wp-json\/wp\/v2\/media?parent=22700"}],"wp:term":[{"taxonomy":"category","embeddable":true,"href":"https:\/\/www.radioribelle.it\/index.php\/wp-json\/wp\/v2\/categories?post=22700"},{"taxonomy":"post_tag","embeddable":true,"href":"https:\/\/www.radioribelle.it\/index.php\/wp-json\/wp\/v2\/tags?post=22700"}],"curies":[{"name":"wp","href":"https:\/\/api.w.org\/{rel}","templated":true}]}}