{"id":23146,"date":"2024-01-13T12:08:00","date_gmt":"2024-01-13T11:08:00","guid":{"rendered":"https:\/\/www.radioribelle.it\/?p=23146"},"modified":"2024-01-12T08:50:24","modified_gmt":"2024-01-12T07:50:24","slug":"direzione-farmaceutica-territoriale-nominata-la-dottoressa-alessandra-roghi","status":"publish","type":"post","link":"https:\/\/www.radioribelle.it\/index.php\/2024\/01\/13\/direzione-farmaceutica-territoriale-nominata-la-dottoressa-alessandra-roghi\/","title":{"rendered":"Direzione farmaceutica territoriale: nominata la dottoressa Alessandra Roghi"},"content":{"rendered":"\n<div class=\"wp-block-image\"><figure class=\"alignleft size-full is-resized\"><img loading=\"lazy\" src=\"https:\/\/www.radioribelle.it\/wp-content\/uploads\/2024\/01\/firma-Roghi.png\" alt=\"\" class=\"wp-image-23147\" width=\"256\" height=\"192\" srcset=\"https:\/\/www.radioribelle.it\/wp-content\/uploads\/2024\/01\/firma-Roghi.png 1024w, https:\/\/www.radioribelle.it\/wp-content\/uploads\/2024\/01\/firma-Roghi-300x225.png 300w, https:\/\/www.radioribelle.it\/wp-content\/uploads\/2024\/01\/firma-Roghi-768x576.png 768w, https:\/\/www.radioribelle.it\/wp-content\/uploads\/2024\/01\/firma-Roghi-619x464.png 619w\" sizes=\"(max-width: 256px) 100vw, 256px\" \/><\/figure><\/div>\n\n\n\n<p>Direzione farmaceutica territoriale: nominata la dottoressa Alessandra Roghi\u00a0Alessandra Roghi \u00e8 la nuova direttrice di Farmacia territoriale. La nomina \u00e8 arrivata da parte del direttore generale dell\u2019Asl Toscana sud est Antonio D\u2019Urso a seguito di selezione pubblica.\u00a0\u201cAuguriamo alla dottoressa Roghi buon lavoro \u2013 ha commentato\u00a0 il direttore generale della Asl Tse \u2013. <\/p>\n\n\n\n<!--more-->\n\n\n\n<p>Una professionista giovane, ma gi\u00e0 con una grande esperienza che porter\u00e0 il suo contributo in un settore importante\u00a0 e delicato quale quello della farmaceutica territoriale&#8221;\u00a0Alessandra Roghi, gi\u00e0 facente funzione del ruolo da gennaio 2022, ricopre presso la Asl Tse incarichi dirigenziali \u00e8 laureata in chimica e tecnologia farmaceutica presso l\u2019Universit\u00e0 degli studi di Firenze, specializzata in farmacia ospedaliera ed ha conseguito master e corsi di alta specializzazione in ambito regolatorio e politiche del farmaco.\u00a0\u201cVoglio esprimere la mia gratitudine per l\u2019incarico ricevuto, con l\u2019impegno a garantire un\u00a0 servizio farmaceutico territoriale efficiente e di qualit\u00e0, in continuit\u00e0 con quanto gi\u00e0 in essere e accettando la sfida di un\u2019importante riorganizzazione dell\u2019assistenza territoriale, al passo con la digitalizzazione delle cure anche tramite i nuovi servizi in ambito cognitivo e in telemedicina.\u201d<br>Angela D&#8217;Errico<\/p>\n","protected":false},"excerpt":{"rendered":"<p>Direzione farmaceutica territoriale: nominata la dottoressa Alessandra Roghi\u00a0Alessandra Roghi \u00e8 la nuova direttrice di Farmacia territoriale. La nomina \u00e8 arrivata da parte del direttore generale dell\u2019Asl Toscana sud est Antonio D\u2019Urso a seguito di selezione pubblica.\u00a0\u201cAuguriamo alla dottoressa Roghi buon lavoro \u2013 ha commentato\u00a0 il direttore generale della Asl Tse \u2013.<\/p>\n","protected":false},"author":1,"featured_media":0,"comment_status":"open","ping_status":"open","sticky":false,"template":"","format":"standard","meta":{"_joinchat":[]},"categories":[1],"tags":[],"_links":{"self":[{"href":"https:\/\/www.radioribelle.it\/index.php\/wp-json\/wp\/v2\/posts\/23146"}],"collection":[{"href":"https:\/\/www.radioribelle.it\/index.php\/wp-json\/wp\/v2\/posts"}],"about":[{"href":"https:\/\/www.radioribelle.it\/index.php\/wp-json\/wp\/v2\/types\/post"}],"author":[{"embeddable":true,"href":"https:\/\/www.radioribelle.it\/index.php\/wp-json\/wp\/v2\/users\/1"}],"replies":[{"embeddable":true,"href":"https:\/\/www.radioribelle.it\/index.php\/wp-json\/wp\/v2\/comments?post=23146"}],"version-history":[{"count":1,"href":"https:\/\/www.radioribelle.it\/index.php\/wp-json\/wp\/v2\/posts\/23146\/revisions"}],"predecessor-version":[{"id":23148,"href":"https:\/\/www.radioribelle.it\/index.php\/wp-json\/wp\/v2\/posts\/23146\/revisions\/23148"}],"wp:attachment":[{"href":"https:\/\/www.radioribelle.it\/index.php\/wp-json\/wp\/v2\/media?parent=23146"}],"wp:term":[{"taxonomy":"category","embeddable":true,"href":"https:\/\/www.radioribelle.it\/index.php\/wp-json\/wp\/v2\/categories?post=23146"},{"taxonomy":"post_tag","embeddable":true,"href":"https:\/\/www.radioribelle.it\/index.php\/wp-json\/wp\/v2\/tags?post=23146"}],"curies":[{"name":"wp","href":"https:\/\/api.w.org\/{rel}","templated":true}]}}