{"id":2332,"date":"2022-06-20T17:01:00","date_gmt":"2022-06-20T15:01:00","guid":{"rendered":"https:\/\/www.radioribelle.it\/?p=2332"},"modified":"2022-06-21T22:05:05","modified_gmt":"2022-06-21T20:05:05","slug":"anti-ex-scuola-rigutino","status":"publish","type":"post","link":"https:\/\/www.radioribelle.it\/index.php\/2022\/06\/20\/anti-ex-scuola-rigutino\/","title":{"rendered":"ANTI EX SCUOLA RIGUTINO"},"content":{"rendered":"\n<div class=\"wp-block-image\"><figure class=\"alignright size-full\"><img loading=\"lazy\" width=\"276\" height=\"183\" src=\"https:\/\/www.radioribelle.it\/wp-content\/uploads\/2022\/06\/tanti-3.jpg\" alt=\"\" class=\"wp-image-2333\"\/><\/figure><\/div>\n\n\n\n<p>AREZZO &#8211; Ex scuola elementare di Rigutino, al via il primo passo verso il &#8220;Luogo della Comunit\u00e0&#8221;. Maggiore offerta sociosanitaria e spazi per le associazioni del territorio. Obiettivo: sempre pi\u00f9 servizi a \u201ckm zero\u201d Tanti: &#8220;Un altro tassello del Piano regolatore municipale dell&#8217;offerta sociosanitaria. Dopo Quarata, Palazzo del Pero e Ceciliano si rafforza l&#8217;offerta a Rigutino. Sempre pi\u00f9 forte la collaborazione con la Asl&#8221;<\/p>\n\n\n\n<!--more-->\n\n\n\n<p>La ex scuola elementare di Rigutino si prepara ad avere una nuova vita grazie ad un progetto che, su proposta dell&#8217;Assessore Merelli, la Giunta ha approvato&nbsp;questa mattina&nbsp;e che prevede di rafforzare la collaborazione tra Comune e Asl rispetto all&#8217;accordo precedente. Il progetto, nei locali della ex scuola di Rigutino, prevede di trasferire i servizi socio sanitari al piano superiore cos\u00ec da ampliare gli spazi dedicati al Cup, alle attivit\u00e0 infermieristiche e alle prestazioni dei medici di famiglia aggiungendo nuovi servizi per i cittadini. Al piano inferiore, dove&nbsp;oggi&nbsp;si trova la Asl, i locali saranno messi invece a disposizione per le associazioni del territorio ed il Comune conceder\u00e0 tutto l&#8217;edificio della ex scuola a titolo totalmente gratuito sia alla Asl, che alle associazioni.<\/p>\n\n\n\n<p>&#8220;Il progetto di Rigutino risponde ad una logica precisa che insieme al Sindaco Ghinelli abbiamo definito da tempo e che sta piano piano prendendo forma in tutta la citt\u00e0 facendo di Arezzo una citt\u00e0 dai servizi diffusi \u2013 dichiara il vice sindaco Lucia Tanti. &#8211; La scelta, fin dal 2020, \u00e8 stata quella di definire un vero e proprio piano regolatore dell&#8217;offerta sociosanitaria aretina portando i servizi sempre pi\u00f9 vicino ai cittadini e rigenerando gli spazi municipali mettendoli a disposizione delle associazioni del territorio. Con la delibera di&nbsp;oggi, la ex scuola di Rigutino fa il primo passo verso la sua nuova vita cio\u00e8 quella di divenire il &#8220;Luogo della Comunit\u00e0&#8221;. Cos\u00ec, dopo aver riportato a Quarata e Palazzo del Pero i presidi sociosanitari e dato nuova destinazione alla ex circoscrizione di Ceciliano &#8211; dove da anni ha preso gi\u00e0 forma il primo &#8220;Luogo della Comunit\u00e0&#8221; messo a disposizione dal Comune alla Asl e alle associazioni di volontariato -,&nbsp;oggi&nbsp;\u00e8 la volta di &nbsp;Rigutino che si incammina verso questa nuova opportunit\u00e0\u201d, continua il vice sindaco.<br>\u201cPreme ringraziare la Asl, ed in particolare il dottor Giglio e il settore tecnico, per la disponibilit\u00e0 ad una collaborazione piena che fa di Arezzo un modello nella collaborazione tra Municipio e Asl per la definizione dei servizi a &#8220;km zero&#8221; e che fa s\u00ec che prenda sempre pi\u00f9 forza un disegno complessivo che vede, accanto ai tre &#8220;poli forti&#8221; di risposta socio sanitaria per i cittadini &#8211; il &#8220;nuovo&#8221; Pionta, l&#8217;area del Badalccio e Via Guadagnoli-, anche una vera moltiplicazione di &#8220;punti servizio&#8221;: da Quarata a Palazzo del Pero, da Ceciliano a Rigutino. Non solo spazi aperti, ma spazi pensati per dare risposte di prossimit\u00e0 cos\u00ec che al centro ci sia il cittadino nei suoi tra i pi\u00f9 importanti diritti: una risposta di assistenza di vera prossimit\u00e0 in particolare per gli anziani &#8211; ma non solo &#8211; e l&#8217;opportunit\u00e0 di luoghi di aggregazione e presidio attraverso il grande patrimonio delle associazioni del territorio. Dopo la pandemia \u00e8 risultato evidente come le citt\u00e0 debbano essere ripensate sempre di pi\u00f9 come diffuse e capaci di avere pi\u00f9 spazi per i servizi vicini. &nbsp;Arezzo, da subito dopo la pandemia, sta quindi portando avanti questo nuovo disegno di Citt\u00e0 con risposte a \u201ckm zero\u201d non solo grazie al PNRR &#8211; che sar\u00e0 una vera rivoluzione per la risposta sociosanitaria &#8211; ma anche con azioni proprie. Il percorso non sar\u00e0 breve, ma gi\u00e0 si vedono i primi risultati&#8221; conclude il vicesindaco Lucia Tanti.<\/p>\n","protected":false},"excerpt":{"rendered":"<p>AREZZO &#8211; Ex scuola elementare di Rigutino, al via il primo passo verso il &#8220;Luogo della Comunit\u00e0&#8221;. Maggiore offerta sociosanitaria e spazi per le associazioni del territorio. Obiettivo: sempre pi\u00f9 servizi a \u201ckm zero\u201d Tanti: &#8220;Un altro tassello del Piano regolatore municipale dell&#8217;offerta sociosanitaria. Dopo Quarata, Palazzo del Pero e Ceciliano si rafforza l&#8217;offerta a [&hellip;]<\/p>\n","protected":false},"author":1,"featured_media":0,"comment_status":"open","ping_status":"open","sticky":false,"template":"","format":"standard","meta":{"_joinchat":[]},"categories":[1],"tags":[],"_links":{"self":[{"href":"https:\/\/www.radioribelle.it\/index.php\/wp-json\/wp\/v2\/posts\/2332"}],"collection":[{"href":"https:\/\/www.radioribelle.it\/index.php\/wp-json\/wp\/v2\/posts"}],"about":[{"href":"https:\/\/www.radioribelle.it\/index.php\/wp-json\/wp\/v2\/types\/post"}],"author":[{"embeddable":true,"href":"https:\/\/www.radioribelle.it\/index.php\/wp-json\/wp\/v2\/users\/1"}],"replies":[{"embeddable":true,"href":"https:\/\/www.radioribelle.it\/index.php\/wp-json\/wp\/v2\/comments?post=2332"}],"version-history":[{"count":2,"href":"https:\/\/www.radioribelle.it\/index.php\/wp-json\/wp\/v2\/posts\/2332\/revisions"}],"predecessor-version":[{"id":2335,"href":"https:\/\/www.radioribelle.it\/index.php\/wp-json\/wp\/v2\/posts\/2332\/revisions\/2335"}],"wp:attachment":[{"href":"https:\/\/www.radioribelle.it\/index.php\/wp-json\/wp\/v2\/media?parent=2332"}],"wp:term":[{"taxonomy":"category","embeddable":true,"href":"https:\/\/www.radioribelle.it\/index.php\/wp-json\/wp\/v2\/categories?post=2332"},{"taxonomy":"post_tag","embeddable":true,"href":"https:\/\/www.radioribelle.it\/index.php\/wp-json\/wp\/v2\/tags?post=2332"}],"curies":[{"name":"wp","href":"https:\/\/api.w.org\/{rel}","templated":true}]}}