{"id":24878,"date":"2024-02-28T15:26:00","date_gmt":"2024-02-28T14:26:00","guid":{"rendered":"https:\/\/www.radioribelle.it\/?p=24878"},"modified":"2024-02-28T16:38:01","modified_gmt":"2024-02-28T15:38:01","slug":"il-sindaco-alessandro-ghinelli-da-il-via-al-gruppo-di-lavoro-del-green-city-accord","status":"publish","type":"post","link":"https:\/\/www.radioribelle.it\/index.php\/2024\/02\/28\/il-sindaco-alessandro-ghinelli-da-il-via-al-gruppo-di-lavoro-del-green-city-accord\/","title":{"rendered":"Il sindaco Alessandro Ghinelli d\u00e0 il via al gruppo di lavoro del Green City Accord"},"content":{"rendered":"\n<div class=\"wp-block-image\"><figure class=\"alignright size-large is-resized\"><img loading=\"lazy\" src=\"https:\/\/www.radioribelle.it\/wp-content\/uploads\/2024\/02\/green-me-five-1-1024x690.jpeg\" alt=\"\" class=\"wp-image-24879\" width=\"316\" height=\"213\" srcset=\"https:\/\/www.radioribelle.it\/wp-content\/uploads\/2024\/02\/green-me-five-1-1024x690.jpeg 1024w, https:\/\/www.radioribelle.it\/wp-content\/uploads\/2024\/02\/green-me-five-1-300x202.jpeg 300w, https:\/\/www.radioribelle.it\/wp-content\/uploads\/2024\/02\/green-me-five-1-768x518.jpeg 768w, https:\/\/www.radioribelle.it\/wp-content\/uploads\/2024\/02\/green-me-five-1-619x417.jpeg 619w, https:\/\/www.radioribelle.it\/wp-content\/uploads\/2024\/02\/green-me-five-1.jpeg 1495w\" sizes=\"(max-width: 316px) 100vw, 316px\" \/><\/figure><\/div>\n\n\n\n<p>AREZZO &#8211;  Il sindaco Alessandro Ghinelli d\u00e0 il via al gruppo di lavoro che rediger\u00e0 il piano di azione finalizzato a perseguire concretamente gli obiettivi del Green City Accord Tutto \u00e8 cominciato con la firma del sindaco Alessandro Ghinelli al Green City Accord, l\u2019iniziativa\u00a0promossa dalla Commissione Europea\u00a0con l\u2019obiettivo di rendere le citt\u00e0 europee pi\u00f9 sane, pi\u00f9 pulite, pi\u00f9 verdi, protagoniste sui temi ambientali e della qualit\u00e0 della vita, un atto che peraltro faceva seguito a una delibera approvata dal Consiglio Comunale all\u2019unanimit\u00e0<\/p>\n\n\n\n<!--more-->\n\n\n\n<p>L\u2019amministrazione comunale ha dimostrato cos\u00ec di credere fortemente nella sostenibilit\u00e0 ambientale in tutte le sue declinazioni, corrispondenti ai 5 ambiti in cui l\u2019accordo \u00e8 ripartito:\u00a0qualit\u00e0 dell\u2019aria, abbattimento dell\u2019inquinamento acustico in ambito urbano, natura e biodiversit\u00e0 urbana, economia circolare,\u00a0acqua intesa sia come qualit\u00e0 della risorsa che come bene da tutelare e sfruttare adeguatamente. Arezzo \u00e8 stata la prima citt\u00e0 capoluogo di provincia in Toscana a proiettarsi in questa dimensione sovranazionale con orizzonte 2030, seconda in Italia dopo Cesena. Nel frattempo le citt\u00e0 europee aderenti sono diventate 110 tra cui 10\u00a0italiane. Adesso il sindaco Ghinelli ha adesso tenuto a battesimo la nascita del gruppo di lavoro che, rispetto ai cinque ambiti suddetti, elaborer\u00e0 un piano di azione che traccer\u00e0 la strada su come renderli in concreto. Nell\u2019elaborazione di questo piano, il Comune di Arezzo non \u00e8 solo ma in buona compagnia: grazie infatti allo specifico progetto europeo \u201cGreenMe5\u201d finanziato dal programma LIFE dell\u2019Unione Europea, Arezzo condivider\u00e0 un percorso con altre 4 citt\u00e0: la lituana Vinius, la svedese Helsingborg, le spagnole Murcia e Cieza. Gli scambi di dati tra le stesse saranno utili per capire come procedere e migliorare le performance. Inoltre, in ciascuna, saranno gli stakeholder dei rispettivi territori a elaborare obiettivi e strumenti per governare i processi in maniera efficace. Il gruppo di lavoro ad Arezzo coinvolge sia la struttura comunale che attori di vario genere la cui mission incrocia i 5 ambiti del Green City Accord, dagli enti istituzionali alle aziende che gestiscono i servizi, alle associazioni. Assieme redigeranno il piano di azione senza essere tuttavia le sole protagoniste. Infatti, questo nucleo si avvarr\u00e0 dei contributi dei cittadini, singoli o associati, persone fisiche e persone giuridiche, che avranno modo di avanzare loro proposte grazie a un percorso partecipativo che partir\u00e0 a marzo e terminer\u00e0 a giugno. Ogni idea e arricchimento permetter\u00e0 di arrivare alla sintesi definitiva che si tradurr\u00e0 all\u2019interno del piano di azione, che proprio perch\u00e9 redatto da soggetti che operano \u201csul campo\u201d si configurer\u00e0 per i suoi contenuti realizzabili.<\/p>\n","protected":false},"excerpt":{"rendered":"<p>AREZZO &#8211; Il sindaco Alessandro Ghinelli d\u00e0 il via al gruppo di lavoro che rediger\u00e0 il piano di azione finalizzato a perseguire concretamente gli obiettivi del Green City Accord Tutto \u00e8 cominciato con la firma del sindaco Alessandro Ghinelli al Green City Accord, l\u2019iniziativa\u00a0promossa dalla Commissione Europea\u00a0con l\u2019obiettivo di rendere le citt\u00e0 europee pi\u00f9 sane, [&hellip;]<\/p>\n","protected":false},"author":1,"featured_media":0,"comment_status":"open","ping_status":"open","sticky":false,"template":"","format":"standard","meta":{"_joinchat":[]},"categories":[1],"tags":[],"_links":{"self":[{"href":"https:\/\/www.radioribelle.it\/index.php\/wp-json\/wp\/v2\/posts\/24878"}],"collection":[{"href":"https:\/\/www.radioribelle.it\/index.php\/wp-json\/wp\/v2\/posts"}],"about":[{"href":"https:\/\/www.radioribelle.it\/index.php\/wp-json\/wp\/v2\/types\/post"}],"author":[{"embeddable":true,"href":"https:\/\/www.radioribelle.it\/index.php\/wp-json\/wp\/v2\/users\/1"}],"replies":[{"embeddable":true,"href":"https:\/\/www.radioribelle.it\/index.php\/wp-json\/wp\/v2\/comments?post=24878"}],"version-history":[{"count":1,"href":"https:\/\/www.radioribelle.it\/index.php\/wp-json\/wp\/v2\/posts\/24878\/revisions"}],"predecessor-version":[{"id":24880,"href":"https:\/\/www.radioribelle.it\/index.php\/wp-json\/wp\/v2\/posts\/24878\/revisions\/24880"}],"wp:attachment":[{"href":"https:\/\/www.radioribelle.it\/index.php\/wp-json\/wp\/v2\/media?parent=24878"}],"wp:term":[{"taxonomy":"category","embeddable":true,"href":"https:\/\/www.radioribelle.it\/index.php\/wp-json\/wp\/v2\/categories?post=24878"},{"taxonomy":"post_tag","embeddable":true,"href":"https:\/\/www.radioribelle.it\/index.php\/wp-json\/wp\/v2\/tags?post=24878"}],"curies":[{"name":"wp","href":"https:\/\/api.w.org\/{rel}","templated":true}]}}