{"id":25081,"date":"2024-03-05T12:16:00","date_gmt":"2024-03-05T11:16:00","guid":{"rendered":"https:\/\/www.radioribelle.it\/?p=25081"},"modified":"2024-03-06T13:58:48","modified_gmt":"2024-03-06T12:58:48","slug":"magali-sare-manel-fortia","status":"publish","type":"post","link":"https:\/\/www.radioribelle.it\/index.php\/2024\/03\/05\/magali-sare-manel-fortia\/","title":{"rendered":"MAGAL\u00cd SARE &#038; MANEL FORTI\u00c0"},"content":{"rendered":"\n<div class=\"wp-block-image\"><figure class=\"alignleft size-large is-resized\"><img loading=\"lazy\" src=\"https:\/\/www.radioribelle.it\/wp-content\/uploads\/2024\/03\/Magali-Sare-Manel-Fortia-2-683x1024.jpg\" alt=\"\" class=\"wp-image-25082\" width=\"183\" height=\"275\" srcset=\"https:\/\/www.radioribelle.it\/wp-content\/uploads\/2024\/03\/Magali-Sare-Manel-Fortia-2-683x1024.jpg 683w, https:\/\/www.radioribelle.it\/wp-content\/uploads\/2024\/03\/Magali-Sare-Manel-Fortia-2-200x300.jpg 200w, https:\/\/www.radioribelle.it\/wp-content\/uploads\/2024\/03\/Magali-Sare-Manel-Fortia-2-768x1152.jpg 768w, https:\/\/www.radioribelle.it\/wp-content\/uploads\/2024\/03\/Magali-Sare-Manel-Fortia-2-1024x1536.jpg 1024w, https:\/\/www.radioribelle.it\/wp-content\/uploads\/2024\/03\/Magali-Sare-Manel-Fortia-2-619x929.jpg 619w, https:\/\/www.radioribelle.it\/wp-content\/uploads\/2024\/03\/Magali-Sare-Manel-Fortia-2.jpg 1200w\" sizes=\"(max-width: 183px) 100vw, 183px\" \/><\/figure><\/div>\n\n\n\n<p>Fusignano (RA), Auditorium Corelli, ore 21:00 Magal\u00ed Sare \u2013 voce; Manel Forti\u00e0 \u2013 contrabbasso Sabato 9 marzo l\u2019edizione 2024 di Crossroads raggiunge l\u2019Auditorium Corelli di Fusignano (RA), che quest\u2019anno ospiter\u00e0 ben 6 concerti del festival itinerante. Si inizia con quello del duo spagnolo formato dalla cantante Magal\u00ed Sare e il contrabbassista Manel Forti\u00e0: un viaggio (che inizia alle ore 21) lungo le rotte che portano dalla canzone iberica a quella latino-americana<\/p>\n\n\n\n<!--more-->\n\n\n\n<p>La cantante e polistrumentista Magal\u00ed Sare (classe 1991) nel 2020 ha pubblicato due album in duo. A Boy and a Girl, con il chitarrista Sebasti\u00e0 Gris, sottopone la musica classica e il folk a un bagno di elettronica: ha vinto il Jazz Award di Juventudes Musicales de Espa\u00f1a e il primo premio al concorso internazionale per la musica in lingue minoritarie SUNS Europa. Fang i n\u00favols (Fango e nuvole), creato con il contrabbassista Manel Forti\u00e0, \u00e8 composto invece da un misto di canzoni tradizionali latino-americane, catalane e originali: musica nuda e cruda, mantenuta sempre fresca dai continui cambi di ruolo tra i due musicisti, con uno che rimane coi piedi per terra (fango) e l\u2019altro che si libra nell\u2019aria (nuvole). Il duo con Forti\u00e0 ha poi prodotto un secondo capitolo discografico: reTORNAR (2023), che percorre il folklore iberoamericano (in parte anche immaginario) come si trattasse di un viaggio marittimo, in una fusione che sbriciola tutti i confini stilistici. La parte strumentale questa volta va oltre l\u2019essenzialit\u00e0 voce-contrabbasso, con l\u2019aggiunta di percussioni, flauti, cori, ukulele. Magal\u00ed Sare ha inoltre pubblicato un paio di dischi come cantautrice e fa parte (come soprano) del Quartetto M\u00e8lt, formazione di voci a cappella.<\/p>\n\n\n\n<p>Il contrabbassista catalano Manel Forti\u00e0 vive tra Barcellona e New York. Ha collaborato, tra gli altri, con Dave Liebman ed Eliot Zigmund.<\/p>\n\n\n\n<p>Crossroads 2024 \u00e8 organizzato come sempre da Jazz Network in collaborazione con l\u2019Assessorato alla Cultura e Paesaggio della Regione Emilia-Romagna e con il sostegno del Ministero della Cultura e di numerose altre istituzioni. Crossroads fa parte di Jazzer powered by Gruppo Hera e vanta il patrocinio di ANCI Emilia-Romagna. Il concerto \u00e8 realizzato in collaborazione con l\u2019Assessorato alla Cultura del Comune di Fusignano. <\/p>\n","protected":false},"excerpt":{"rendered":"<p>Fusignano (RA), Auditorium Corelli, ore 21:00 Magal\u00ed Sare \u2013 voce; Manel Forti\u00e0 \u2013 contrabbasso Sabato 9 marzo l\u2019edizione 2024 di Crossroads raggiunge l\u2019Auditorium Corelli di Fusignano (RA), che quest\u2019anno ospiter\u00e0 ben 6 concerti del festival itinerante. Si inizia con quello del duo spagnolo formato dalla cantante Magal\u00ed Sare e il contrabbassista Manel Forti\u00e0: un viaggio [&hellip;]<\/p>\n","protected":false},"author":1,"featured_media":0,"comment_status":"open","ping_status":"open","sticky":false,"template":"","format":"standard","meta":{"_joinchat":[]},"categories":[1],"tags":[],"_links":{"self":[{"href":"https:\/\/www.radioribelle.it\/index.php\/wp-json\/wp\/v2\/posts\/25081"}],"collection":[{"href":"https:\/\/www.radioribelle.it\/index.php\/wp-json\/wp\/v2\/posts"}],"about":[{"href":"https:\/\/www.radioribelle.it\/index.php\/wp-json\/wp\/v2\/types\/post"}],"author":[{"embeddable":true,"href":"https:\/\/www.radioribelle.it\/index.php\/wp-json\/wp\/v2\/users\/1"}],"replies":[{"embeddable":true,"href":"https:\/\/www.radioribelle.it\/index.php\/wp-json\/wp\/v2\/comments?post=25081"}],"version-history":[{"count":1,"href":"https:\/\/www.radioribelle.it\/index.php\/wp-json\/wp\/v2\/posts\/25081\/revisions"}],"predecessor-version":[{"id":25083,"href":"https:\/\/www.radioribelle.it\/index.php\/wp-json\/wp\/v2\/posts\/25081\/revisions\/25083"}],"wp:attachment":[{"href":"https:\/\/www.radioribelle.it\/index.php\/wp-json\/wp\/v2\/media?parent=25081"}],"wp:term":[{"taxonomy":"category","embeddable":true,"href":"https:\/\/www.radioribelle.it\/index.php\/wp-json\/wp\/v2\/categories?post=25081"},{"taxonomy":"post_tag","embeddable":true,"href":"https:\/\/www.radioribelle.it\/index.php\/wp-json\/wp\/v2\/tags?post=25081"}],"curies":[{"name":"wp","href":"https:\/\/api.w.org\/{rel}","templated":true}]}}