{"id":2564,"date":"2022-06-26T08:03:00","date_gmt":"2022-06-26T06:03:00","guid":{"rendered":"https:\/\/www.radioribelle.it\/?p=2564"},"modified":"2022-06-25T21:27:08","modified_gmt":"2022-06-25T19:27:08","slug":"filt-cgil-fit-cisl-uiltrasporti","status":"publish","type":"post","link":"https:\/\/www.radioribelle.it\/index.php\/2022\/06\/26\/filt-cgil-fit-cisl-uiltrasporti\/","title":{"rendered":"Filt-Cgil, Fit-Cisl, Uiltrasporti"},"content":{"rendered":"\n<div class=\"wp-block-image\"><figure class=\"alignright size-full is-resized\"><img loading=\"lazy\" src=\"https:\/\/www.radioribelle.it\/wp-content\/uploads\/2022\/06\/sindacato.png\" alt=\"\" class=\"wp-image-2565\" width=\"415\" height=\"148\" srcset=\"https:\/\/www.radioribelle.it\/wp-content\/uploads\/2022\/06\/sindacato.png 471w, https:\/\/www.radioribelle.it\/wp-content\/uploads\/2022\/06\/sindacato-300x107.png 300w\" sizes=\"(max-width: 415px) 100vw, 415px\" \/><\/figure><\/div>\n\n\n\n<p>Le Segreterie Confederali Territoriali di Arezzo a seguito delle denunce di disservizi rivendicate dagli stessi cittadini ed utenti delle vallate interessate\u00a0 riguardanti i disagi\u00a0 nel servizio di Trasporto ferroviario nella Linea Sinalunga Stia, sono a condividere pubblicamente preoccupazioni ed a esternare le proprie posizioni rispetto a questo imprescindibile servizio<\/p>\n\n\n\n<!--more-->\n\n\n\n<p>.Disservizi sul trasporto ferroviario, sigle sindacali chiedono maggiore attenzione e progettazione Lfi rappresenta un patrimonio per il nostro territorio e come tale deve essere obbligatoriamente valorizzato in termini di offerta e di capacit\u00e0 ricettiva rispetto alle domande delle vallate. Soprattutto il rapporto che ad oggi lega Lfi a Tiemme Spa per i servizi sostituitivi treno debba essere in qualche modo potenziato garantendo una piu proficua e puntuale risposta ai servizi quotidiani. Auspichiamo che gli episodi di disservizio succeduti nel caso di Monte San Savino, Santa Mama, Arezzo ove numerosi utenti non hanno potuto usufruire del servizio di trasporto possano rimanere casi sporadici e non ripetibili. Ci segnalano difficolt\u00e0 anche nella gestione dei servizi estivi entrati in vigore dall&#8217;11 Giugno scorso. Ricordiamo che Lfi \u00e8 detenuta\u00a0 in quote maggioritarie dai 20 Comuni della Valdichiana, Casentino, Arezzo e dalla stessa Provincia quali dovrebbero preoccuparsi oltre che dei dividendi di bilancio di fine anno, anche delle effettive esigenze di un trasporto ferroviario che in alcune aeree \u00e8 imprescindibile ed unico mezzo di trasporto per studenti, lavoratori, cittadini intercettando e promuovendo il crescente turismo nelle vallate suindicate. Una riflessione sugli inevitabili potenziamenti richiesti la domenica e nei festivi nei quali il servizio \u00e8 stato ridimensionato azzerandoneinspiegabilmente l&#8217;offerta. Per CGIL CISL UIL \u00e8 oggi prioritario aprire un confronto su questo argomento anche in relazione alla progettazione e programmazione nell&#8217;utilizzo delle risorse del PNNR allargando la discussione alle Istituzioni interessate. In particolar modo per integrare le nostre richieste sul tema \u201caree interne\u201d , per calibrare un sistema di rete di trasporto pubblico funzionale ai lavoratori pensionati e cittadini al fine di garantire accessibilit\u00e0 ai servizi svolti su tutti i campi sia Sanitario Assistenziale che turistico. In pi\u00f9 rivendichiamo la necessit\u00e0 di una mobilit\u00e0 pubblica territoriale da strutturare e migliorare con lo scopo di agevolare lo sviluppo e il potenziamento della promozione turistica e del territorio, volta alla valorizzazione delle produzioni locali e alla conoscenza delle attuali offerte e capace di creare altre quali occasioni di crescita delle economie delle vallate. Di questo e di altri temi le Confederazioni sono disponibili ad un dialogo con aziende ed enti locali per condividere strategie di sviluppo e rafforzamento della presenza di Lfi sul territorio aretino.<\/p>\n","protected":false},"excerpt":{"rendered":"<p>Le Segreterie Confederali Territoriali di Arezzo a seguito delle denunce di disservizi rivendicate dagli stessi cittadini ed utenti delle vallate interessate\u00a0 riguardanti i disagi\u00a0 nel servizio di Trasporto ferroviario nella Linea Sinalunga Stia, sono a condividere pubblicamente preoccupazioni ed a esternare le proprie posizioni rispetto a questo imprescindibile servizio<\/p>\n","protected":false},"author":1,"featured_media":0,"comment_status":"open","ping_status":"open","sticky":false,"template":"","format":"standard","meta":{"_joinchat":[]},"categories":[1],"tags":[],"_links":{"self":[{"href":"https:\/\/www.radioribelle.it\/index.php\/wp-json\/wp\/v2\/posts\/2564"}],"collection":[{"href":"https:\/\/www.radioribelle.it\/index.php\/wp-json\/wp\/v2\/posts"}],"about":[{"href":"https:\/\/www.radioribelle.it\/index.php\/wp-json\/wp\/v2\/types\/post"}],"author":[{"embeddable":true,"href":"https:\/\/www.radioribelle.it\/index.php\/wp-json\/wp\/v2\/users\/1"}],"replies":[{"embeddable":true,"href":"https:\/\/www.radioribelle.it\/index.php\/wp-json\/wp\/v2\/comments?post=2564"}],"version-history":[{"count":1,"href":"https:\/\/www.radioribelle.it\/index.php\/wp-json\/wp\/v2\/posts\/2564\/revisions"}],"predecessor-version":[{"id":2566,"href":"https:\/\/www.radioribelle.it\/index.php\/wp-json\/wp\/v2\/posts\/2564\/revisions\/2566"}],"wp:attachment":[{"href":"https:\/\/www.radioribelle.it\/index.php\/wp-json\/wp\/v2\/media?parent=2564"}],"wp:term":[{"taxonomy":"category","embeddable":true,"href":"https:\/\/www.radioribelle.it\/index.php\/wp-json\/wp\/v2\/categories?post=2564"},{"taxonomy":"post_tag","embeddable":true,"href":"https:\/\/www.radioribelle.it\/index.php\/wp-json\/wp\/v2\/tags?post=2564"}],"curies":[{"name":"wp","href":"https:\/\/api.w.org\/{rel}","templated":true}]}}