{"id":25711,"date":"2024-03-21T10:25:43","date_gmt":"2024-03-21T09:25:43","guid":{"rendered":"https:\/\/www.radioribelle.it\/?p=25711"},"modified":"2024-03-21T10:27:47","modified_gmt":"2024-03-21T09:27:47","slug":"consegnate-a-ferrero-le-prime-nocciole-toscane","status":"publish","type":"post","link":"https:\/\/www.radioribelle.it\/index.php\/2024\/03\/21\/consegnate-a-ferrero-le-prime-nocciole-toscane\/","title":{"rendered":"Consegnate a Ferrero le prime nocciole toscane"},"content":{"rendered":"\n<div class=\"wp-block-image\"><figure class=\"alignright size-large is-resized\"><img loading=\"lazy\" src=\"https:\/\/www.radioribelle.it\/wp-content\/uploads\/2024\/03\/noccioleto-coagria-1024x768.jpeg\" alt=\"\" class=\"wp-image-25712\" width=\"345\" height=\"259\" srcset=\"https:\/\/www.radioribelle.it\/wp-content\/uploads\/2024\/03\/noccioleto-coagria-1024x768.jpeg 1024w, https:\/\/www.radioribelle.it\/wp-content\/uploads\/2024\/03\/noccioleto-coagria-300x225.jpeg 300w, https:\/\/www.radioribelle.it\/wp-content\/uploads\/2024\/03\/noccioleto-coagria-768x576.jpeg 768w, https:\/\/www.radioribelle.it\/wp-content\/uploads\/2024\/03\/noccioleto-coagria-1536x1152.jpeg 1536w, https:\/\/www.radioribelle.it\/wp-content\/uploads\/2024\/03\/noccioleto-coagria-619x464.jpeg 619w, https:\/\/www.radioribelle.it\/wp-content\/uploads\/2024\/03\/noccioleto-coagria.jpeg 1600w\" sizes=\"(max-width: 345px) 100vw, 345px\" \/><\/figure><\/div>\n\n\n\n<p>AREZZO &#8211;  Co.Agri.A., il consorzio di imprese agricole aretine, ha consegnato a Ferrero le prime nocciole prodotte nell\u2019ambito degli accordi di filiera sottoscritti con l\u2019azienda. Soddisfatto il presidente Angiolino Mancini che ha visto nascere il progetto, che si \u00e8 ora concretizzato con la prima fornitura di materia prima, che segna un momento storico: le nocciole \u201cMade in Toscana\u201d contribuiranno alla realizzazione di prodotti iconici come Nutella o Ferrero Rocher.\u00a0<\/p>\n\n\n\n<!--more-->\n\n\n\n<p>Si tratta di 7 tonnellate di nocciole, interamente prodotte in Toscana, da una filiera di circa 25 imprese che fanno riferimento a Co.Agri.A.; una realt\u00e0 che ha sede a Cesa in Valdichiana e che dopo una prima intesa per la coltivazione di 600 ettari a noccioli, ha raccolto una partecipazione tale da poter raddoppiare l\u2019estensione iniziale, con l\u2019obiettivo di accrescere il valore condiviso tra gli attori dell\u2019accordo di filiera, a beneficio sia del comparto agricolo che dell\u2019industria di trasformazione.<em>\u201cAvere Ferrero al nostro fianco in questo progetto \u00e8 garanzia di visione di lungo periodo, di rispetto per il comparto agricolo, di creazione di valore e di qualit\u00e0 lungo tutta la filiera, ma soprattutto significa poter contare su know how e capacit\u00e0 manageriali, che consentono di trasferire agli aderenti al nostro consorzio stimoli, competenze e un\u2019attenzione costante alla sostenibilit\u00e0 nelle tecniche di coltivazione<\/em>\u00a0\u2013 dichiara Angiolino Mancini, presidente di Co.Agri.A.. \u00ab<em>Il tracollo dei prezzi dei prodotti seminativi impone di valutare altre tipologie di coltivazione<\/em>\u00a0\u2013 prosegue Angiolino Mancini, presidente di Co.Agri.A. &#8211;\u00a0<em>servono soluzioni agronomiche diversificate a causa di produzioni che non coprono pi\u00f9 i costi di produzione. Di certo serve anche coraggio da parte dei nostri imprenditori perch\u00e9 per aderire al progetto occorrono investimenti e capacit\u00e0 di acquisire nuove conoscenze. Siamo soddisfatti di questa prima consegna di prodotto, auspichiamo che questo percorso di collaborazione possa ulteriormente crescere e far aumentare la massa critica di agricoltori\u00bb<\/em><\/p>\n","protected":false},"excerpt":{"rendered":"<p>AREZZO &#8211; Co.Agri.A., il consorzio di imprese agricole aretine, ha consegnato a Ferrero le prime nocciole prodotte nell\u2019ambito degli accordi di filiera sottoscritti con l\u2019azienda. Soddisfatto il presidente Angiolino Mancini che ha visto nascere il progetto, che si \u00e8 ora concretizzato con la prima fornitura di materia prima, che segna un momento storico: le nocciole [&hellip;]<\/p>\n","protected":false},"author":1,"featured_media":0,"comment_status":"open","ping_status":"open","sticky":false,"template":"","format":"standard","meta":{"_joinchat":[]},"categories":[1],"tags":[],"_links":{"self":[{"href":"https:\/\/www.radioribelle.it\/index.php\/wp-json\/wp\/v2\/posts\/25711"}],"collection":[{"href":"https:\/\/www.radioribelle.it\/index.php\/wp-json\/wp\/v2\/posts"}],"about":[{"href":"https:\/\/www.radioribelle.it\/index.php\/wp-json\/wp\/v2\/types\/post"}],"author":[{"embeddable":true,"href":"https:\/\/www.radioribelle.it\/index.php\/wp-json\/wp\/v2\/users\/1"}],"replies":[{"embeddable":true,"href":"https:\/\/www.radioribelle.it\/index.php\/wp-json\/wp\/v2\/comments?post=25711"}],"version-history":[{"count":2,"href":"https:\/\/www.radioribelle.it\/index.php\/wp-json\/wp\/v2\/posts\/25711\/revisions"}],"predecessor-version":[{"id":25714,"href":"https:\/\/www.radioribelle.it\/index.php\/wp-json\/wp\/v2\/posts\/25711\/revisions\/25714"}],"wp:attachment":[{"href":"https:\/\/www.radioribelle.it\/index.php\/wp-json\/wp\/v2\/media?parent=25711"}],"wp:term":[{"taxonomy":"category","embeddable":true,"href":"https:\/\/www.radioribelle.it\/index.php\/wp-json\/wp\/v2\/categories?post=25711"},{"taxonomy":"post_tag","embeddable":true,"href":"https:\/\/www.radioribelle.it\/index.php\/wp-json\/wp\/v2\/tags?post=25711"}],"curies":[{"name":"wp","href":"https:\/\/api.w.org\/{rel}","templated":true}]}}