{"id":25977,"date":"2024-03-28T15:06:00","date_gmt":"2024-03-28T14:06:00","guid":{"rendered":"https:\/\/www.radioribelle.it\/?p=25977"},"modified":"2024-03-28T11:47:53","modified_gmt":"2024-03-28T10:47:53","slug":"area-ex-lebole-e-via-filzi","status":"publish","type":"post","link":"https:\/\/www.radioribelle.it\/index.php\/2024\/03\/28\/area-ex-lebole-e-via-filzi\/","title":{"rendered":"Area ex Lebole e via Filzi"},"content":{"rendered":"\n<div class=\"wp-block-image\"><figure class=\"alignright size-full is-resized\"><img loading=\"lazy\" src=\"https:\/\/www.radioribelle.it\/wp-content\/uploads\/2024\/03\/lebole-1.jpg\" alt=\"\" class=\"wp-image-25978\" width=\"327\" height=\"183\" srcset=\"https:\/\/www.radioribelle.it\/wp-content\/uploads\/2024\/03\/lebole-1.jpg 1000w, https:\/\/www.radioribelle.it\/wp-content\/uploads\/2024\/03\/lebole-1-300x169.jpg 300w, https:\/\/www.radioribelle.it\/wp-content\/uploads\/2024\/03\/lebole-1-768x432.jpg 768w, https:\/\/www.radioribelle.it\/wp-content\/uploads\/2024\/03\/lebole-1-619x348.jpg 619w\" sizes=\"(max-width: 327px) 100vw, 327px\" \/><\/figure><\/div>\n\n\n\n<p>AREZZO &#8211;  maggioranza e amministrazione comunale fra schizofrenia delle \u2018marmotte d\u2019Italia\u2019 e inerzia totale della giunta\u201d \u201cSembra incredibile ma \u00e8 suonato la sveglia. Da pochi giorni il consigliere comunale Palazzini ha fatto irruzione nell\u2019area Lebole. Il letargo delle marmotte d\u2019Italia \u00e8 durato cos\u00ec a lungo che, come forza di maggioranza in citt\u00e0 da 9 anni, anch\u2019esse hanno contribuito a lasciare l\u2019area ex Lebole nel degrado attuale. <\/p>\n\n\n\n<!--more-->\n\n\n\n<p>Poi una mattina l\u2019inverno finisce, le marmotte mettono fuori il naso dalla tana e si accorgono che c\u2019\u00e8 del \u2018marcio in Danimarca\u2019, anzi sul raccordo, e invitano il sindaco a emettere ordinanze su ordinanze, arresti e requisizioni. Ebbene: come opposizione lo chiediamo da anni. Con varie interrogazioni in Consiglio Comunale abbiamo infatti sollecitato il sindaco a valutare se non sia il caso di operare d\u2019urgenza con un provvedimento che per lo meno rimetta in ordine la recinzione lungo la fabbrica dismessa. Ovviamente davanti alle nostre richieste il sindaco si \u00e8 ben guardato ma ora che la stessa cosa, ingigantita dalla presunzione di onnipotenza tipica della destra, viene chiesta da un partito di maggioranza vedremo se rester\u00e0 inerte. Difficile che accada, le marmotte d\u2019Italia potrebbero fischiare pi\u00f9 forte del dovuto. Intanto una delle varie grane inaugurate dalla giunta Ghinelli \u00e8 diventata una frana, una slavina a cielo aperto, un laghetto dolomitico senza abeti a riflettersi nelle acque. Forme di vita primordiale sono oramai comparse in via Filzi, sulla quale non c\u2019\u00e8 stata una forza di maggioranza ad alzare la voce o per lo meno a lanciare l\u2019allarme in questi anni. Le marmotte d\u2019Italia hanno contagiato il resto della compagnia. Magari fra due o tre mesi, quando l\u2019estate avr\u00e0 fatto il resto con la proliferazione di zanzare tigre nell\u2019acquitrino del cantiere e un\u2019altra fetta di citt\u00e0 sar\u00e0 costretta a tenere le finestre chiese, stavolta non nelle frazioni ma in pieno centro, qualcuno si sveglier\u00e0 una mattina e grider\u00e0: sindaco, un\u2019ordinanza! Ovvero, quanto chiediamo da mesi, anzi da anni, dai banchi dell\u2019opposizione\u201d.<\/p>\n","protected":false},"excerpt":{"rendered":"<p>AREZZO &#8211; maggioranza e amministrazione comunale fra schizofrenia delle \u2018marmotte d\u2019Italia\u2019 e inerzia totale della giunta\u201d \u201cSembra incredibile ma \u00e8 suonato la sveglia. Da pochi giorni il consigliere comunale Palazzini ha fatto irruzione nell\u2019area Lebole. Il letargo delle marmotte d\u2019Italia \u00e8 durato cos\u00ec a lungo che, come forza di maggioranza in citt\u00e0 da 9 anni, [&hellip;]<\/p>\n","protected":false},"author":1,"featured_media":0,"comment_status":"open","ping_status":"open","sticky":false,"template":"","format":"standard","meta":{"_joinchat":[]},"categories":[1],"tags":[],"_links":{"self":[{"href":"https:\/\/www.radioribelle.it\/index.php\/wp-json\/wp\/v2\/posts\/25977"}],"collection":[{"href":"https:\/\/www.radioribelle.it\/index.php\/wp-json\/wp\/v2\/posts"}],"about":[{"href":"https:\/\/www.radioribelle.it\/index.php\/wp-json\/wp\/v2\/types\/post"}],"author":[{"embeddable":true,"href":"https:\/\/www.radioribelle.it\/index.php\/wp-json\/wp\/v2\/users\/1"}],"replies":[{"embeddable":true,"href":"https:\/\/www.radioribelle.it\/index.php\/wp-json\/wp\/v2\/comments?post=25977"}],"version-history":[{"count":1,"href":"https:\/\/www.radioribelle.it\/index.php\/wp-json\/wp\/v2\/posts\/25977\/revisions"}],"predecessor-version":[{"id":25979,"href":"https:\/\/www.radioribelle.it\/index.php\/wp-json\/wp\/v2\/posts\/25977\/revisions\/25979"}],"wp:attachment":[{"href":"https:\/\/www.radioribelle.it\/index.php\/wp-json\/wp\/v2\/media?parent=25977"}],"wp:term":[{"taxonomy":"category","embeddable":true,"href":"https:\/\/www.radioribelle.it\/index.php\/wp-json\/wp\/v2\/categories?post=25977"},{"taxonomy":"post_tag","embeddable":true,"href":"https:\/\/www.radioribelle.it\/index.php\/wp-json\/wp\/v2\/tags?post=25977"}],"curies":[{"name":"wp","href":"https:\/\/api.w.org\/{rel}","templated":true}]}}